{"id":65466,"date":"2018-05-19T00:00:00","date_gmt":"2018-05-19T06:00:00","guid":{"rendered":"https:\/\/dralvarez.com.mx\/larevista\/blog\/lleva-claudio-cetina-sus-propuestas-a-samula-25338"},"modified":"2018-05-19T00:00:00","modified_gmt":"2018-05-19T06:00:00","slug":"lleva-claudio-cetina-sus-propuestas-a-samula-25338","status":"publish","type":"post","link":"https:\/\/dralvarez.com.mx\/larevista\/compeche\/lleva-claudio-cetina-sus-propuestas-a-samula-25338","title":{"rendered":"Lleva Claudio Cetina sus propuestas a Samul\u00e1"},"content":{"rendered":"<p>En busca del respaldo ciudadano a su proyecto de trabajo, Claudio Cetina G\u00f3mez, candidato a la Presidencia Municipal de Campeche, recorri\u00f3 las calles de la colonia Samul\u00e1 donde le present\u00f3 a la ciudadan\u00eda sus 10 propuestas y ocho ejes para detonar el desarrollo social, tur\u00edstico y econ\u00f3mico del municipio de Campeche.<\/p>\n<p>El candidato de la coalici\u00f3n \u201cCampeche para Todos\u201d, insisti\u00f3 que el municipio tiene la fortaleza necesaria para consolidar mejores servicios p\u00fablicos, as\u00ed como espacios y empleos que brinden \u00f3ptima calidad de vida a sus habitantes.<\/p>\n<p>A su paso y en cada casa que visitaba, Cetina G\u00f3mez agradeci\u00f3 la confianza que le brindan a su plan y equipo de trabajo, refrendando su compromiso de cumplir sus propuestas y ayudar a resolver las demandas apremiantes de los ciudadanos.<\/p>\n<p>Acompa\u00f1ado de Jorge Farf\u00e1n Boldo, candidato suplente, as\u00ed como de decenas de mujeres y hombres que coreaban \u00a1Claudio ganar\u00e1! el abanderado aliancista, avanz\u00f3 firme con sus simpatizantes, expres\u00e1ndoles que el trabajo en equipo de la \u201cAlianza Campeche\u201d, consolidar\u00e1 el desarrollo de la capital.<\/p>\n<p>\u201cEstoy consciente que hay necesidades y estamos trabajando para atenderlas; donde hay una necesidad habr\u00e1 una soluci\u00f3n ya que estamos dispuestos a trabajar de tiempo completo para darlo todo por Campeche\u201d, subray\u00f3.<\/p>\n<p>El abanderado del PRI, PVEM y Nueva Alianza dej\u00f3 claro que sus propuestas son totalmente emanadas de los ciudadanos y seguir\u00e1 reforz\u00e1ndolas con las que recibe todos los d\u00edas durante sus recorridos por la ciudad y las comunidades rurales.<\/p>\n<p>\u201cQuiero que trabajemos unidos, con el mismo amor que tenemos por Campeche, seamos parte de este proyecto que quiere modernizar a nuestra capital; ponernos las pilas es intentar hacer las cosas cada d\u00eda mejor\u201d, exhort\u00f3.<\/p>\n","protected":false},"excerpt":{"rendered":"<p>Recorri\u00f3 las calles de la colonia Samul\u00e1&#8230;<\/p>\n","protected":false},"author":1018,"featured_media":0,"comment_status":"open","ping_status":"open","sticky":false,"template":"","format":"standard","meta":{"tdm_status":"","tdm_grid_status":"","footnotes":""},"categories":[27],"tags":[],"_links":{"self":[{"href":"https:\/\/dralvarez.com.mx\/larevista\/wp-json\/wp\/v2\/posts\/65466"}],"collection":[{"href":"https:\/\/dralvarez.com.mx\/larevista\/wp-json\/wp\/v2\/posts"}],"about":[{"href":"https:\/\/dralvarez.com.mx\/larevista\/wp-json\/wp\/v2\/types\/post"}],"author":[{"embeddable":true,"href":"https:\/\/dralvarez.com.mx\/larevista\/wp-json\/wp\/v2\/users\/1018"}],"replies":[{"embeddable":true,"href":"https:\/\/dralvarez.com.mx\/larevista\/wp-json\/wp\/v2\/comments?post=65466"}],"version-history":[{"count":0,"href":"https:\/\/dralvarez.com.mx\/larevista\/wp-json\/wp\/v2\/posts\/65466\/revisions"}],"wp:attachment":[{"href":"https:\/\/dralvarez.com.mx\/larevista\/wp-json\/wp\/v2\/media?parent=65466"}],"wp:term":[{"taxonomy":"category","embeddable":true,"href":"https:\/\/dralvarez.com.mx\/larevista\/wp-json\/wp\/v2\/categories?post=65466"},{"taxonomy":"post_tag","embeddable":true,"href":"https:\/\/dralvarez.com.mx\/larevista\/wp-json\/wp\/v2\/tags?post=65466"}],"curies":[{"name":"wp","href":"https:\/\/api.w.org\/{rel}","templated":true}]}}