{"id":65431,"date":"2018-05-18T00:00:00","date_gmt":"2018-05-18T06:00:00","guid":{"rendered":"https:\/\/dralvarez.com.mx\/larevista\/blog\/pide-gobernador-amc-a-universitarios-sumarse-a-la-construccion-de-un-mexico-competitivo-25303"},"modified":"2018-05-18T00:00:00","modified_gmt":"2018-05-18T06:00:00","slug":"pide-gobernador-amc-a-universitarios-sumarse-a-la-construccion-de-un-mexico-competitivo-25303","status":"publish","type":"post","link":"https:\/\/dralvarez.com.mx\/larevista\/compeche\/pide-gobernador-amc-a-universitarios-sumarse-a-la-construccion-de-un-mexico-competitivo-25303","title":{"rendered":"Pide gobernador amc a universitarios sumarse a la construcci\u00f3n de un m\u00e9xico competitivo"},"content":{"rendered":"<\/p>\n<p>El gobernador Alejandro Moreno C\u00e1rdenas exhort\u00f3 a j\u00f3venes<br \/>\nuniversitarios a decidir con responsabilidad y actuar con profundo amor por el<br \/>\nestado y el pa\u00eds, en estos tiempos importantes que vive M\u00e9xico, para seguir<br \/>\navanzando con certeza en la construcci\u00f3n de un futuro con mayores oportunidades.<\/p>\n<p>\u00bfQu\u00e9 es lo que queremos para<br \/>\nnuestro pa\u00eds? \u00bfDe qu\u00e9 lado de la historia queremos estar? \u00bfDel lado de la<br \/>\nhistoria que impuls\u00f3 la transformaci\u00f3n, el crecimiento y el desarrollo de<br \/>\nM\u00e9xico?, expuso el mandatario a los estudiantes que lo acompa\u00f1aron en la<br \/>\nceremonia inaugural de las nuevas instalaciones de la Universidad<br \/>\nInteramericana para el Desarrollo (UNID) Campus Campeche.<\/p>\n<p>Moreno C\u00e1rdenas, signific\u00f3 que en materia educativa el estado va a la<br \/>\nvanguardia con maestras y maestros bien preparados, evaluados y comprometidos<br \/>\ncon la ense\u00f1anza de calidad, pero tambi\u00e9n con programas que apoyan la formaci\u00f3n<br \/>\nacad\u00e9mica de miles de estudiantes en todo el estado.<\/p>\n<p>&nbsp;Agreg\u00f3 que no obstante de los<br \/>\nbuenos resultados obtenidos y reconocidos por la organizaci\u00f3n Mexicanos Primero<br \/>\na trav\u00e9s del \u00cdndice<br \/>\nde Cumplimiento de la Responsabilidad Educativa (ICRE) 2018, se sigue<br \/>\ntrabajando para consolidar el nuevo modelo educativo y tener a j\u00f3venes y ni\u00f1os<br \/>\nmejor preparados, decididos a afrontar los retos de un M\u00e9xico competitivo y un<br \/>\nmundo cada vez m\u00e1s globalizado.<\/p>\n<p>&nbsp;\u201cFortalecer el nuevo modelo<br \/>\neducativo de nuestro pa\u00eds es darle certeza y certidumbre a miles de j\u00f3venes, a<br \/>\nmiles de mujeres, a miles de hombres que lo \u00fanico que quieren es tener mejores<br \/>\noportunidades y un mejor destino\u201d, apunt\u00f3 el titular del Ejecutivo estatal.<\/p>\n<p>&nbsp;Dijo que los j\u00f3venes son el<br \/>\npresente del pa\u00eds,  por lo que adem\u00e1s de<br \/>\nprepararse y capacitarse para ser buenos profesionistas deben tener actitud,<br \/>\nvoluntad, confianza, certeza y claridad de que trabajando juntos con profundo<br \/>\namor por el estado y el pa\u00eds se alcanzar\u00e1n las metas.<\/p>\n<p>&nbsp;Estamos avanzando con certeza y<br \/>\ncon certidumbre, pero los necesitamos a todos y a cada uno de ustedes para<br \/>\ncuidar nuestro presente y construir un futuro de mayor bienestar\u201d, a\u00f1adi\u00f3.<\/p>\n<p>Por su parte, el director general de<br \/>\nTalisis Project, Dionisio Garza Sada, manifest\u00f3 que la UNID se suma al avance<br \/>\ndel estado, priorizando la inversi\u00f3n educativa en las \u00e1reas de turismo, campo y<br \/>\nsalud.<\/p>\n<p>Resalt\u00f3 que las nuevas instalaciones<br \/>\nser\u00e1n insignia para el resto del sistema UNID nacional, porque se encuentran en<br \/>\nun estado l\u00edder que le est\u00e1 apostando a la educaci\u00f3n para ser m\u00e1s grande, pr\u00f3spero<br \/>\ny fuerte.<\/p>\n<p>Antes, el rector del  sistema UNID, Mario Chapa del Campo, puntualiz\u00f3 que la prioridad de  la instituci\u00f3n es asegurar que los estudiantes<br \/>\ncuenten con  experiencia, calidad acad\u00e9mica<br \/>\ny valores.<\/p>\n<p>Mencion\u00f3 que actualmente la UNID tiene<br \/>\n47 Campus repartidos en 26 estados de la rep\u00fablica, y para septiembre de este<br \/>\na\u00f1o se llegar\u00e1 a conformar una matr\u00edcula de 44 mil alumnos. <\/p>\n<p>En su momento, el rector de la<br \/>\nUniversidad Interamericana para el Desarrollo Campeche, Rafael Bal\u00e1n P\u00e9rez,<br \/>\ndio  conocer que la instituci\u00f3n que<br \/>\nactualmente cuenta con mil 255 alumnos, forma parte de una red educativa con<br \/>\nm\u00e1s de 50 a\u00f1os de experiencia y presencia en 16 pa\u00edses del mundo, desde el \u00e1rea<br \/>\nde preescolar, hasta universidad y postgrado.<\/p>\n<p>Moreno C\u00e1rdenas firm\u00f3 el muro de vistantes<br \/>\ndistinguidos y posteriormente recorri\u00f3 las nuevas instalaciones de la UNID<br \/>\ncampus Campeche, donde en su construcci\u00f3n se invirtieron alrededor de 43<br \/>\nmillones de pesos y se generaron 300 empleos. <\/p>\n<p>El edificio est\u00e1 dise\u00f1ado para dar cabida a dos<br \/>\nmil alumnos a trav\u00e9s de sus 16 carreras y cinco maestr\u00edas; cuenta con 17<br \/>\nsalones, laboratorio de dise\u00f1o, c\u00e1mara Gessell, sala de jucios orales,<br \/>\nlaboratorio multimedios, cancha multiusos y cuatro centros de transferencia del<br \/>\nconocimiento que proporcionar\u00e1 servicio de procesamiento electr\u00f3nico de datos,<br \/>\ninternet y red local.<\/p>\n<p>Asistieron tambi\u00e9n el secretario de<br \/>\nEducaci\u00f3n, Ricardo Medina Farf\u00e1n; la titular del Poder Legislativo Laura<br \/>\nBaqueiro Ramos; el director de Proyectos de la UNID, Jorge Sarmiento R\u00edos y el<br \/>\nsecretario del Ayuntamiento de Campeche, Jes\u00fas Qui\u00f1ones Loeza.<\/p>\n<p>&nbsp;<\/p>\n<p><\/p>\n","protected":false},"excerpt":{"rendered":"<p>\u00bfQu\u00e9 es lo que queremos para nuestro pa\u00eds?&#8230;<\/p>\n","protected":false},"author":1018,"featured_media":0,"comment_status":"open","ping_status":"open","sticky":false,"template":"","format":"standard","meta":{"tdm_status":"","tdm_grid_status":"","footnotes":""},"categories":[27],"tags":[],"_links":{"self":[{"href":"https:\/\/dralvarez.com.mx\/larevista\/wp-json\/wp\/v2\/posts\/65431"}],"collection":[{"href":"https:\/\/dralvarez.com.mx\/larevista\/wp-json\/wp\/v2\/posts"}],"about":[{"href":"https:\/\/dralvarez.com.mx\/larevista\/wp-json\/wp\/v2\/types\/post"}],"author":[{"embeddable":true,"href":"https:\/\/dralvarez.com.mx\/larevista\/wp-json\/wp\/v2\/users\/1018"}],"replies":[{"embeddable":true,"href":"https:\/\/dralvarez.com.mx\/larevista\/wp-json\/wp\/v2\/comments?post=65431"}],"version-history":[{"count":0,"href":"https:\/\/dralvarez.com.mx\/larevista\/wp-json\/wp\/v2\/posts\/65431\/revisions"}],"wp:attachment":[{"href":"https:\/\/dralvarez.com.mx\/larevista\/wp-json\/wp\/v2\/media?parent=65431"}],"wp:term":[{"taxonomy":"category","embeddable":true,"href":"https:\/\/dralvarez.com.mx\/larevista\/wp-json\/wp\/v2\/categories?post=65431"},{"taxonomy":"post_tag","embeddable":true,"href":"https:\/\/dralvarez.com.mx\/larevista\/wp-json\/wp\/v2\/tags?post=65431"}],"curies":[{"name":"wp","href":"https:\/\/api.w.org\/{rel}","templated":true}]}}