{"id":65424,"date":"2018-05-18T00:00:00","date_gmt":"2018-05-18T06:00:00","guid":{"rendered":"https:\/\/dralvarez.com.mx\/larevista\/blog\/rinden-merecido-homenaje-a-los-maestros-campechanos-25294"},"modified":"2018-05-18T00:00:00","modified_gmt":"2018-05-18T06:00:00","slug":"rinden-merecido-homenaje-a-los-maestros-campechanos-25294","status":"publish","type":"post","link":"https:\/\/dralvarez.com.mx\/larevista\/compeche\/rinden-merecido-homenaje-a-los-maestros-campechanos-25294","title":{"rendered":"Rinden merecido homenaje  a los maestros campechanos"},"content":{"rendered":"<p><b>Especial \/ La Revista&nbsp;<\/b><\/p>\n<\/p>\n<p>En el marco del D\u00eda del Maestro, el<br \/>\ngobernador Alejandro Moreno C\u00e1rdenas encabez\u00f3 emotivo homenaje p\u00f3stumo y devel\u00f3<br \/>\nuna placa en memoria de la profesora Luc\u00eda Mar\u00eda del Socorro Cambranis G\u00f3mez, a<br \/>\nquien calific\u00f3 como ejemplo a seguir por su trayectoria, entereza y compromiso<br \/>\ncon la educaci\u00f3n de miles de ni\u00f1os y j\u00f3venes campechanos.<\/p>\n<p>\u201cHonrar y reconocer a docentes como la<br \/>\nmaestra Luc\u00eda Cambranis es motivo de orgullo para los campechanos, hay que<br \/>\nrecordarla bien siempre porque es un ejemplo de vida que nos demuestra que aqu\u00ed<br \/>\nno s\u00f3lo hay buenos, sino extraordinarios maestros; mujeres y hombres con gran<br \/>\ncalidad humana, de gran sencillez y enorme compromiso por preparar, capacitar y<br \/>\norientar a las nuevas generaciones de campechanos\u201d, resalt\u00f3.<\/p>\n<p>En el patio central de la Secretar\u00eda de<br \/>\nEducaci\u00f3n, Moreno C\u00e1rdenas refrend\u00f3 su apoyo a los docentes campechanos y su<br \/>\ncompromiso de continuar impulsando programas educativos que contribuyan al<br \/>\ndesarrollo de los ni\u00f1os y j\u00f3venes estudiantes. <\/p>\n<p>Reiter\u00f3 que por su esfuerzo, trabajo,<br \/>\nm\u00e9rito, compromiso y preparaci\u00f3n, los maestros campechanos son ejemplo a nivel<br \/>\nnacional. \u201cPara todas las maestras y los maestros nuestra gratitud y<br \/>\nreconocimiento, porque en ellos est\u00e1 un profundo amor por los ni\u00f1os y j\u00f3venes,<br \/>\ny el compromiso por educarlos\u201d, enfatiz\u00f3.<\/p>\n<p>En presencia del secretario de<br \/>\nEducaci\u00f3n, Ricardo Medina Farf\u00e1n, el mandatario estatal destac\u00f3 la labor de los<br \/>\ndocentes, ya que bajo el sol o la lluvia llegan hasta el \u00faltimo rinc\u00f3n del<br \/>\nestado para que los ni\u00f1os y j\u00f3venes aprendan y tengan las herramientas de vida<br \/>\npara un mejor futuro.<\/p>\n<p>Se\u00f1al\u00f3 que su administraci\u00f3n ha<br \/>\ninvertido como nunca en el sector educativo, pues se han apoyado programas<br \/>\ndigitales para que los estudiantes cuenten con computadoras, se impuls\u00f3 el<br \/>\ntransporte escolar gratuito para ni\u00f1os y j\u00f3venes en diferentes sectores, y se<br \/>\nfortaleci\u00f3 la entrega de becas en todo el estado. <\/p>\n<p>En el evento, donde entreg\u00f3 una r\u00e9plica<br \/>\nde la placa a familiares de la homenajeada, pidi\u00f3 a los docentes cuidar el<br \/>\npresente y seguir aportando conocimiento para construir un mejor futuro,<br \/>\naprovechando las oportunidades de transformaci\u00f3n que brinda el Nuevo Modelo<br \/>\nEducativo.<\/p>\n<p>\u201cHoy necesitamos estar m\u00e1s unidos que<br \/>\nnunca para que haya m\u00e1s y mejores oportunidades; necesitamos trabajar para que<br \/>\nlos t\u00edtulos profesionales de los j\u00f3venes se conviertan en empleos reales y para<br \/>\nque esos j\u00f3venes tengan el car\u00e1cter, la autoestima y la fortaleza de salir<br \/>\nadelante\u201d, finaliz\u00f3.<\/p>\n<p>Previamente, el secretario general de la<br \/>\nSecci\u00f3n IV del Sindicato Nacional de Trabajadores de la Educaci\u00f3n (SNTE),<br \/>\nMois\u00e9s Maas Cab, record\u00f3 a la maestra Luc\u00eda Cambranis como una gran docente, de<br \/>\ncuya pl\u00e1tica siempre se aprend\u00eda y se denotaba pasi\u00f3n por la educaci\u00f3n.<\/p>\n<p>Por su parte, Luc\u00eda Teresa Silva Cambranis,<br \/>\nhija de la homenajeada, agradeci\u00f3 la distinci\u00f3n y el reconocimiento que le<br \/>\nhicieron a su madre ya fallecida.<\/p>\n<p>Al evocarla, dijo que fue una ejemplar<br \/>\nmaestra que por 57 a\u00f1os imparti\u00f3 educaci\u00f3n a miles de ni\u00f1os y contribuy\u00f3 a la<br \/>\nformaci\u00f3n de futuros docentes. <\/p>\n<p>Detall\u00f3 que a lo largo de su trayectoria<br \/>\nrecibi\u00f3 m\u00faltiples reconocimientos y premios por parte de padres de familias,<br \/>\nalumnos, autoridades educativas, de gobierno, y premios por su labor dentro y<br \/>\nfuera del aula. <\/p>\n<p>La maestra Cambranis G\u00f3mez, acaecida en<br \/>\noctubre del a\u00f1o pasado, inici\u00f3 su vida laboral a los 17 a\u00f1os, se titul\u00f3 de<br \/>\nlicenciada en Educaci\u00f3n Primaria por la UPN, fue fundadora de la Escuela Normal<br \/>\nde Educaci\u00f3n Primaria en el Liceo Carmelita y maestra distinguida de la Escuela<br \/>\nNormal de Educaci\u00f3n Primaria del Instituto Campechano en varias ocasiones. <\/p>\n<p>Por su destacada labor recibi\u00f3 diversas<br \/>\nmedallas por sus a\u00f1os de servicio y m\u00e9ritos, as\u00ed como reconocimientos por su<br \/>\ndesempe\u00f1o y compromiso con la educaci\u00f3n; en el 2008 fue nombrada Decana del<br \/>\nInstituto Campechano y durante 41 a\u00f1os fue docente de la Escuela Primaria<br \/>\n\u201cAdolfo Ruiz Cortines\u201d, en su turno matutino.<\/p>\n<p>Antes, al pie del monumento erigido a<br \/>\nDon Justo Sierra M\u00e9ndez, en el malec\u00f3n de la ciudad, el mandatario estatal<br \/>\ncoloc\u00f3 una ofrenda floral y mont\u00f3 guardia de honor, y entreg\u00f3 reconocimientos a<br \/>\nlos ganadores de los tres primeros lugares de la XX carrera conmemorativa del<br \/>\nD\u00eda del Maestro\u201d, en las Categor\u00edas Libre, Master y Veteranos, en las ramas<br \/>\nfemenil y varonil.  <\/p>\n<p>Entre las autoridades presentes en los<br \/>\neventos, estuvo la presidenta de la Junta de Gobierno y Administraci\u00f3n del<br \/>\nCongreso del Estado, Laura Baqueiro Ramos; el alcalde Edgar Hern\u00e1ndez<br \/>\nHern\u00e1ndez; el delegado de la SEP, Rafael Alcal\u00e1 Ortiz; el secretario general<br \/>\ndel Sindicato Estatal de Trabajadores de la Educaci\u00f3n, Javier Barrera Pacheco;<br \/>\nel diputado, Jos\u00e9 Guadalupe Guzm\u00e1n Chi, y el rector del IC, Fernando Sandoval<br \/>\nCastellanos.<\/p><\/p>\n","protected":false},"excerpt":{"rendered":"<p>Gobierno de Campeche.<\/p>\n","protected":false},"author":1018,"featured_media":0,"comment_status":"open","ping_status":"open","sticky":false,"template":"","format":"standard","meta":{"tdm_status":"","tdm_grid_status":"","footnotes":""},"categories":[27],"tags":[],"_links":{"self":[{"href":"https:\/\/dralvarez.com.mx\/larevista\/wp-json\/wp\/v2\/posts\/65424"}],"collection":[{"href":"https:\/\/dralvarez.com.mx\/larevista\/wp-json\/wp\/v2\/posts"}],"about":[{"href":"https:\/\/dralvarez.com.mx\/larevista\/wp-json\/wp\/v2\/types\/post"}],"author":[{"embeddable":true,"href":"https:\/\/dralvarez.com.mx\/larevista\/wp-json\/wp\/v2\/users\/1018"}],"replies":[{"embeddable":true,"href":"https:\/\/dralvarez.com.mx\/larevista\/wp-json\/wp\/v2\/comments?post=65424"}],"version-history":[{"count":0,"href":"https:\/\/dralvarez.com.mx\/larevista\/wp-json\/wp\/v2\/posts\/65424\/revisions"}],"wp:attachment":[{"href":"https:\/\/dralvarez.com.mx\/larevista\/wp-json\/wp\/v2\/media?parent=65424"}],"wp:term":[{"taxonomy":"category","embeddable":true,"href":"https:\/\/dralvarez.com.mx\/larevista\/wp-json\/wp\/v2\/categories?post=65424"},{"taxonomy":"post_tag","embeddable":true,"href":"https:\/\/dralvarez.com.mx\/larevista\/wp-json\/wp\/v2\/tags?post=65424"}],"curies":[{"name":"wp","href":"https:\/\/api.w.org\/{rel}","templated":true}]}}