{"id":65393,"date":"2018-05-17T00:00:00","date_gmt":"2018-05-17T06:00:00","guid":{"rendered":"https:\/\/dralvarez.com.mx\/larevista\/blog\/el-municipio-de-campeche-sera-ejemplo-de-transparencia-claudio-cetina-gomez-25261"},"modified":"2018-05-17T00:00:00","modified_gmt":"2018-05-17T06:00:00","slug":"el-municipio-de-campeche-sera-ejemplo-de-transparencia-claudio-cetina-gomez-25261","status":"publish","type":"post","link":"https:\/\/dralvarez.com.mx\/larevista\/compeche\/el-municipio-de-campeche-sera-ejemplo-de-transparencia-claudio-cetina-gomez-25261","title":{"rendered":"El municipio de Campeche ser\u00e1 ejemplo de transparencia: Claudio Cetina G\u00f3mez"},"content":{"rendered":"<\/p>\n<p>Quiero llegar al ayuntamiento para beneficio de todos, porque si Campeche crece tiene orden y mejoran sus servicios, mejoramos todos los ciudadanos, mejora la calidad de vida, afirm\u00f3 Claudio Cetina G\u00f3mez, candidato a la Presidencia Municipal de Campeche.<\/p>\n<p>Al se\u00f1alar que es necesario fortalecer la credibilidad de los ciudadanos en sus autoridades e instituciones, afirm\u00f3 que su administraci\u00f3n ser\u00e1 ejemplo de transparencia y rendici\u00f3n de cuentas para que los ciudadanos sepan en qu\u00e9 se invierte cada peso.<\/p>\n<p>Recorriendo desde temprana hora el barrio de Santa Ana y los alrededores del mercado principal \u201cPedro Sainz de Baranda\u201d, el abanderado de la coalici\u00f3n \u201cCampeche para Todos\u201d, expres\u00f3 que el municipio debe crecer en orden con base en el Plan de Desarrollo Municipal y que ello se refleje en el adecuado funcionamiento de los mercados p\u00fablicos, como el Sainz de Baranda y todos los perif\u00e9ricos.<\/p>\n<p>Para ello, ofreci\u00f3 trabajar especialmente en la reglamentaci\u00f3n de los centros de abasto, mejorar su infraestructura y reorganizar a los comerciantes para que los beneficios sean notables para todos.<\/p>\n<p>Tambi\u00e9n coment\u00f3 que el Plan de Desarrollo Urbano se tiene que modificar en conjunto con los Colegios de Arquitectos, Colegios de Ingenieros, empresarios y diputados para que Campeche crezca con orden.<\/p>\n<p>\u201cEstamos preocupados de llevar las propuestas y vamos a estar ocupados de realizarlas; la gente demanda resultados y nosotros trabajamos para ello\u201d, apunt\u00f3 el candidato.<\/p>\n<p>Ah\u00ed mismo, sobre la posibilidad de un debate entre candidatos a la alcald\u00eda de Campeche, dijo sentirse preparado para expresar y reafirmar su proyecto de administraci\u00f3n municipal desde la Alianza Campeche.<\/p>\n<p>Por la tarde, al visitar a los vecinos de la unidad habitacional Fidel Vel\u00e1zquez, expuso sus ideas y propuestas para el desarrollo de Campeche; recibi\u00f3 el respaldo ciudadano, escuch\u00f3 planteamientos y ofreci\u00f3 alternativas de soluci\u00f3n.<\/p><\/p>\n","protected":false},"excerpt":{"rendered":"<p>Quiero llegar al ayuntamiento para beneficio de todos&#8230;<\/p>\n","protected":false},"author":1018,"featured_media":0,"comment_status":"open","ping_status":"open","sticky":false,"template":"","format":"standard","meta":{"tdm_status":"","tdm_grid_status":"","footnotes":""},"categories":[27],"tags":[],"_links":{"self":[{"href":"https:\/\/dralvarez.com.mx\/larevista\/wp-json\/wp\/v2\/posts\/65393"}],"collection":[{"href":"https:\/\/dralvarez.com.mx\/larevista\/wp-json\/wp\/v2\/posts"}],"about":[{"href":"https:\/\/dralvarez.com.mx\/larevista\/wp-json\/wp\/v2\/types\/post"}],"author":[{"embeddable":true,"href":"https:\/\/dralvarez.com.mx\/larevista\/wp-json\/wp\/v2\/users\/1018"}],"replies":[{"embeddable":true,"href":"https:\/\/dralvarez.com.mx\/larevista\/wp-json\/wp\/v2\/comments?post=65393"}],"version-history":[{"count":0,"href":"https:\/\/dralvarez.com.mx\/larevista\/wp-json\/wp\/v2\/posts\/65393\/revisions"}],"wp:attachment":[{"href":"https:\/\/dralvarez.com.mx\/larevista\/wp-json\/wp\/v2\/media?parent=65393"}],"wp:term":[{"taxonomy":"category","embeddable":true,"href":"https:\/\/dralvarez.com.mx\/larevista\/wp-json\/wp\/v2\/categories?post=65393"},{"taxonomy":"post_tag","embeddable":true,"href":"https:\/\/dralvarez.com.mx\/larevista\/wp-json\/wp\/v2\/tags?post=65393"}],"curies":[{"name":"wp","href":"https:\/\/api.w.org\/{rel}","templated":true}]}}