{"id":65382,"date":"2018-05-17T00:00:00","date_gmt":"2018-05-17T06:00:00","guid":{"rendered":"https:\/\/dralvarez.com.mx\/larevista\/blog\/sesiona-el-subcomite-sectorial-de-turismo-25250"},"modified":"2018-05-17T00:00:00","modified_gmt":"2018-05-17T06:00:00","slug":"sesiona-el-subcomite-sectorial-de-turismo-25250","status":"publish","type":"post","link":"https:\/\/dralvarez.com.mx\/larevista\/compeche\/sesiona-el-subcomite-sectorial-de-turismo-25250","title":{"rendered":"Sesiona el subcomit\u00e9 sectorial de turismo"},"content":{"rendered":"<\/p>\n<p>Como<br \/>\nparte de las acciones del Subcomit\u00e9 Sectorial de Turismo, que forma parte del<br \/>\nComit\u00e9 de Planeaci\u00f3n de Desarrollo de Campeche (COPLADECAM), se realiz\u00f3 la segunda<br \/>\nsesi\u00f3n del 2018 en Xpujil, Calakmul, que fue encabezada por el titular de la<br \/>\nSecretar\u00eda de Turismo (SECTUR), Jorge Manos Esparragoza, quien se\u00f1al\u00f3 la<br \/>\nimportancia de trabajar de manera conjunta para lograr un mayor n\u00famero de<br \/>\nrecursos para invertir en la infraestructura tur\u00edstica, considerando el<br \/>\npotencial con el que cuenta Calakmul.<\/p>\n<p>&nbsp;Asimismo,<br \/>\nresalt\u00f3 que los recursos en materia tur\u00edstica tienen que estar correctamente<br \/>\ncanalizados hacia proyectos que logren detonar la actividad del sector,<br \/>\ngenerando un crecimiento de visitantes.<\/p>\n<p>Durante<br \/>\nla reuni\u00f3n se realiz\u00f3 la presentaci\u00f3n de las propuestas de proyectos de<br \/>\ninversi\u00f3n pendientes por parte del Ayuntamiento del municipio de Calakmul; mientras<br \/>\nque los representantes de los Gobiernos Federal, Estatal e integrantes del<br \/>\nsubcomit\u00e9 mostraron los planteamientos que procuran el mejoramiento de los<br \/>\nservicios atenci\u00f3n de calidad para eficientar la promoci\u00f3n del sector tur\u00edstico<br \/>\nde Calakmul.<\/p>\n<p>Cabe<br \/>\ndestacar que entre las atribuciones del subcomit\u00e9 se encuentra el coadyuvar en<br \/>\nla elaboraci\u00f3n del programa anual de inversi\u00f3n en el Estado, conformado con<br \/>\nrecursos federal, estatal y municipal, as\u00ed como analizar, validar e integrar<br \/>\npropuestas de proyectos de inversi\u00f3n para su ejecuci\u00f3n con recursos<br \/>\nprovenientes de fuentes de financiamientos federal, estatal y municipal.<\/p>\n<p>En<br \/>\nla reuni\u00f3n estuvieron presentes Juan Enrique Gonz\u00e1lez Chan, Presidente<br \/>\nMunicipal de Calakmul; y Jorge Orteg\u00f3n Mu\u00f1oz, en representaci\u00f3n de la Secretar\u00eda<br \/>\nde Planeaci\u00f3n (SEPLAN), entre otras autoridades.<\/p>\n<p>&nbsp;<\/p><\/p>\n","protected":false},"excerpt":{"rendered":"<p>Jorge Manos Esparragoza se\u00f1al\u00f3 la importancia de trabajar de manera conjunta para lograr un mayor n\u00famero de recursos&#8230;<\/p>\n","protected":false},"author":1018,"featured_media":0,"comment_status":"open","ping_status":"open","sticky":false,"template":"","format":"standard","meta":{"tdm_status":"","tdm_grid_status":"","footnotes":""},"categories":[27],"tags":[],"_links":{"self":[{"href":"https:\/\/dralvarez.com.mx\/larevista\/wp-json\/wp\/v2\/posts\/65382"}],"collection":[{"href":"https:\/\/dralvarez.com.mx\/larevista\/wp-json\/wp\/v2\/posts"}],"about":[{"href":"https:\/\/dralvarez.com.mx\/larevista\/wp-json\/wp\/v2\/types\/post"}],"author":[{"embeddable":true,"href":"https:\/\/dralvarez.com.mx\/larevista\/wp-json\/wp\/v2\/users\/1018"}],"replies":[{"embeddable":true,"href":"https:\/\/dralvarez.com.mx\/larevista\/wp-json\/wp\/v2\/comments?post=65382"}],"version-history":[{"count":0,"href":"https:\/\/dralvarez.com.mx\/larevista\/wp-json\/wp\/v2\/posts\/65382\/revisions"}],"wp:attachment":[{"href":"https:\/\/dralvarez.com.mx\/larevista\/wp-json\/wp\/v2\/media?parent=65382"}],"wp:term":[{"taxonomy":"category","embeddable":true,"href":"https:\/\/dralvarez.com.mx\/larevista\/wp-json\/wp\/v2\/categories?post=65382"},{"taxonomy":"post_tag","embeddable":true,"href":"https:\/\/dralvarez.com.mx\/larevista\/wp-json\/wp\/v2\/tags?post=65382"}],"curies":[{"name":"wp","href":"https:\/\/api.w.org\/{rel}","templated":true}]}}