{"id":65366,"date":"2018-05-17T00:00:00","date_gmt":"2018-05-17T06:00:00","guid":{"rendered":"https:\/\/dralvarez.com.mx\/larevista\/blog\/comites-vecinales-seran-fortalecidos-con-la-alianza-campeche-25233"},"modified":"2018-05-17T00:00:00","modified_gmt":"2018-05-17T06:00:00","slug":"comites-vecinales-seran-fortalecidos-con-la-alianza-campeche-25233","status":"publish","type":"post","link":"https:\/\/dralvarez.com.mx\/larevista\/compeche\/comites-vecinales-seran-fortalecidos-con-la-alianza-campeche-25233","title":{"rendered":"Comit\u00e9s vecinales ser\u00e1n fortalecidos con la Alianza Campeche"},"content":{"rendered":"<p>Claudio Cetina G\u00f3mez, candidato a la Presidencia Municipal de Campeche por la coalici\u00f3n \u201cCampeche para Todos\u201d, reafirm\u00f3 su compromiso con los ciudadanos del fraccionamiento Fovissste Bel\u00e9n, a quienes les manifest\u00f3 que la \u201cAlianza Campeche\u201d representa el trabajo conjunto de las autoridades y la ciudadan\u00eda para reforzar medidas como los comit\u00e9s vecinales de seguridad.<\/p>\n<p>Al dar a conocer sus propuestas de trabajo e invitar a los vecinos de Bel\u00e9n a confiar en el proyecto que encabeza, Cetina G\u00f3mez celebr\u00f3 que esa zona del municipio ya cuenta con una alianza vecinal para cooperar con la prevenci\u00f3n de los delitos y ayudar a mantener el orden civil.<\/p>\n<p>\u201cEn pr\u00f3ximos d\u00edas nombrar\u00e1n un presidente para que est\u00e9n en contacto con la Secretar\u00eda de Seguridad P\u00fablica, tenemos que continuar con esa \u201cAlianza Vecinal de la Seguridad\u201d; es importante ya que no s\u00f3lo es responsabilidad del Gobierno Estatal sino tambi\u00e9n del Gobierno Municipal y de los ciudadanos\u201d, abund\u00f3.<\/p>\n<p>Acompa\u00f1ado del candidato a diputado por el distrito IV, Alvar Ortiz Azar, escuch\u00f3 las demandas del lugar, centradas principalmente en el mantenimiento de las calles y luminarias; acciones que dijo ser\u00e1n reforzadas como parte de sus 10 propuestas prioritarias.<\/p>\n<p>Calle por calle, casa por casa y seguido por decenas de mujeres y hombres que expresaban su apoyo al aliancista, reiter\u00f3 su respeto a la ciudadan\u00eda por las muestras de aceptaci\u00f3n que le han manifestado durante estos 18 d\u00edas de activismo pol\u00edtico e insisti\u00f3 en que continuar\u00e1 con una campa\u00f1a propositiva en unidad con los candidatos a diputados locales.<\/p>\n<p>\u201cSiempre les he dicho que tenemos que trabajar en equipo con la \u201cAlianza Campeche\u201d, los siete diputados de los distritos, el Gobierno del Estado, el Gobierno Municipal y sobre todo con los ciudadanos\u201d, expres\u00f3.<\/p>\n<p>Tambi\u00e9n se dijo comprometido con los empresarios para la creaci\u00f3n de un sistema de digitalizaci\u00f3n de tr\u00e1mites para hacer m\u00e1s f\u00e1cil y \u00e1gil la creaci\u00f3n de empresas y la generaci\u00f3n de empleos con el fin de que el municipio y el Estado crezcan y exista mayor econom\u00eda y estabilidad para todos.<\/p>\n","protected":false},"excerpt":{"rendered":"<p>La \u201cAlianza Campeche\u201d representa el trabajo conjunto de las autoridades y la ciudadan\u00eda&#8230;<\/p>\n","protected":false},"author":1018,"featured_media":0,"comment_status":"open","ping_status":"open","sticky":false,"template":"","format":"standard","meta":{"tdm_status":"","tdm_grid_status":"","footnotes":""},"categories":[27],"tags":[],"_links":{"self":[{"href":"https:\/\/dralvarez.com.mx\/larevista\/wp-json\/wp\/v2\/posts\/65366"}],"collection":[{"href":"https:\/\/dralvarez.com.mx\/larevista\/wp-json\/wp\/v2\/posts"}],"about":[{"href":"https:\/\/dralvarez.com.mx\/larevista\/wp-json\/wp\/v2\/types\/post"}],"author":[{"embeddable":true,"href":"https:\/\/dralvarez.com.mx\/larevista\/wp-json\/wp\/v2\/users\/1018"}],"replies":[{"embeddable":true,"href":"https:\/\/dralvarez.com.mx\/larevista\/wp-json\/wp\/v2\/comments?post=65366"}],"version-history":[{"count":0,"href":"https:\/\/dralvarez.com.mx\/larevista\/wp-json\/wp\/v2\/posts\/65366\/revisions"}],"wp:attachment":[{"href":"https:\/\/dralvarez.com.mx\/larevista\/wp-json\/wp\/v2\/media?parent=65366"}],"wp:term":[{"taxonomy":"category","embeddable":true,"href":"https:\/\/dralvarez.com.mx\/larevista\/wp-json\/wp\/v2\/categories?post=65366"},{"taxonomy":"post_tag","embeddable":true,"href":"https:\/\/dralvarez.com.mx\/larevista\/wp-json\/wp\/v2\/tags?post=65366"}],"curies":[{"name":"wp","href":"https:\/\/api.w.org\/{rel}","templated":true}]}}