{"id":65350,"date":"2018-05-16T00:00:00","date_gmt":"2018-05-16T06:00:00","guid":{"rendered":"https:\/\/dralvarez.com.mx\/larevista\/blog\/seproci-impartira-curso-inclusion-a-las-personas-con-discapacidad-en-la-proteccion-civil-25213"},"modified":"2018-05-16T00:00:00","modified_gmt":"2018-05-16T06:00:00","slug":"seproci-impartira-curso-inclusion-a-las-personas-con-discapacidad-en-la-proteccion-civil-25213","status":"publish","type":"post","link":"https:\/\/dralvarez.com.mx\/larevista\/compeche\/seproci-impartira-curso-inclusion-a-las-personas-con-discapacidad-en-la-proteccion-civil-25213","title":{"rendered":"SEPROCI impartir\u00e1 curso inclusi\u00f3n a las personas con discapacidad en la protecci\u00f3n civil"},"content":{"rendered":"<p>La Secretar\u00eda de Protecci\u00f3n Civil (SEPROCI), a trav\u00e9s de su Direcci\u00f3n de Capacitaci\u00f3n, invita a la poblaci\u00f3n en general a participar en el curso \u201cInclusi\u00f3n de las personas con discapacidad en la Protecci\u00f3n Civil\u201d, a efectuarse el pr\u00f3ximo 17 de mayo en la Sala de Usos m\u00faltiples de la dependencia, ubicada en la Calle 12, entre 55 y 53, Centro Hist\u00f3rico, de 10:00 a 14:00 horas.<\/p>\n<p>El objetivo de este curso es sensibilizar y capacitar al personal que apoya en temas de emergencia, brigadistas y voluntarios, para el trato y manejo digno de las personas con discapacidad, por lo que es recomendable para instituciones educativas o centros laborales en donde la afluencia de PCD se presente de manera frecuente; de igual forma es extensivo a aquellas personas que puedan contar con familiar o conocidos con discapacidad con la finalidad de poder prestar el auxilio en caso de ser necesario.<\/p>\n<p>Dentro de los temas a abordar durante el curso se encuentran: Obligaciones del propietario, responsable o administrador de los inmuebles, establecimientos y espacios de los sectores p\u00fablico, privado y social; Capacitaci\u00f3n y sensibilizaci\u00f3n del personal de emergencia, brigadistas y voluntarios para el trato y manejo digno de los PCD; Criterios para el procedimiento de emergencia respecto a las personas con discapacidad que laboran o estudian en inmuebles, establecimientos y espacios de los sectores p\u00fablicos, privado y social.<\/p>\n<p>Para inscribirse al curso es importante comunicarse al (981) 81 61444 con la Direcci\u00f3n de Capacitaci\u00f3n o al correo capacitacionseproci@gmail.com<\/p>\n","protected":false},"excerpt":{"rendered":"<p>Inclusi\u00f3n de las personas con discapacidad en la Protecci\u00f3n Civil.<\/p>\n","protected":false},"author":1018,"featured_media":0,"comment_status":"open","ping_status":"open","sticky":false,"template":"","format":"standard","meta":{"tdm_status":"","tdm_grid_status":"","footnotes":""},"categories":[27],"tags":[],"_links":{"self":[{"href":"https:\/\/dralvarez.com.mx\/larevista\/wp-json\/wp\/v2\/posts\/65350"}],"collection":[{"href":"https:\/\/dralvarez.com.mx\/larevista\/wp-json\/wp\/v2\/posts"}],"about":[{"href":"https:\/\/dralvarez.com.mx\/larevista\/wp-json\/wp\/v2\/types\/post"}],"author":[{"embeddable":true,"href":"https:\/\/dralvarez.com.mx\/larevista\/wp-json\/wp\/v2\/users\/1018"}],"replies":[{"embeddable":true,"href":"https:\/\/dralvarez.com.mx\/larevista\/wp-json\/wp\/v2\/comments?post=65350"}],"version-history":[{"count":0,"href":"https:\/\/dralvarez.com.mx\/larevista\/wp-json\/wp\/v2\/posts\/65350\/revisions"}],"wp:attachment":[{"href":"https:\/\/dralvarez.com.mx\/larevista\/wp-json\/wp\/v2\/media?parent=65350"}],"wp:term":[{"taxonomy":"category","embeddable":true,"href":"https:\/\/dralvarez.com.mx\/larevista\/wp-json\/wp\/v2\/categories?post=65350"},{"taxonomy":"post_tag","embeddable":true,"href":"https:\/\/dralvarez.com.mx\/larevista\/wp-json\/wp\/v2\/tags?post=65350"}],"curies":[{"name":"wp","href":"https:\/\/api.w.org\/{rel}","templated":true}]}}