{"id":65349,"date":"2018-05-16T00:00:00","date_gmt":"2018-05-16T06:00:00","guid":{"rendered":"https:\/\/dralvarez.com.mx\/larevista\/blog\/gobernador-amc-reconoce-a-290-docentes-con-25-30-y-40-anos-de-servicio-25212"},"modified":"2018-05-16T00:00:00","modified_gmt":"2018-05-16T06:00:00","slug":"gobernador-amc-reconoce-a-290-docentes-con-25-30-y-40-anos-de-servicio-25212","status":"publish","type":"post","link":"https:\/\/dralvarez.com.mx\/larevista\/compeche\/gobernador-amc-reconoce-a-290-docentes-con-25-30-y-40-anos-de-servicio-25212","title":{"rendered":"Gobernador AMC reconoce a 290 docentes con 25, 30 y 40 a\u00f1os de servicio"},"content":{"rendered":"<p><b><i><\/i><\/b><\/p>\n<blockquote><p><b><i>Entrega el premio \u201cMaestro Em\u00e9rito Campechano\u201d.<\/i><\/b><\/p><\/blockquote>\n<p>El gobernador Alejandro Moreno C\u00e1rdenas entreg\u00f3 el premio \u201cMaestro Em\u00e9rito Campechano\u201d a la profesora Mar\u00eda del Socorro Baeza Campos, en reconocimiento a su trayectoria y sus aportes al sector educativo de la entidad, as\u00ed como est\u00edmulos por m\u00e1s de 15.3 millones de pesos y las medallas &#8220;Luis \u00c1lvarez Barret&#8221;, &#8220;Rafael Ram\u00edrez&#8221; y &#8220;Maestro Altamirano&#8221;, a 290 maestros que cumplieron 25, 30 y 40 a\u00f1os de servicio. <\/p>\n<p>Al presidir, como parte de las celebraciones del D\u00eda del Maestro, la entrega de diplomas y reconocimientos a educadores federales y estatales, el mandatario sostuvo que en Campeche el sector educativo es fuerte, pujante y ejemplo a nivel nacional gracias al compromiso de sus maestros.<\/p>\n<p>\u201cLas maestras y los maestros campechanos con muchos sacrificios han demostrado que cuando se quiere se puede, que cuando se tiene car\u00e1cter y se anteponen los intereses de las ni\u00f1as y de los ni\u00f1os, vale la pena sacrificarse por nuestro estado\u201d, asever\u00f3.<\/p>\n<p>Reconoci\u00f3 la dedicaci\u00f3n con la que educan, preparan y forman a miles de ni\u00f1as, ni\u00f1os y j\u00f3venes para que tengan un mejor horizonte de vida.<\/p>\n<p>Acompa\u00f1ado del secretario de Educaci\u00f3n, Ricardo Medina Farf\u00e1n, y del representante del CEN del SNTE, Manuel Ford Mayoral, el gobernador agreg\u00f3 que la \u00fanica forma de lograr que los t\u00edtulos profesionales se conviertan en empleos reales, es trabajando en equipo y pensando en el futuro del pa\u00eds y del estado.<\/p>\n<p>\u201cLos convoco a que construyamos el futuro cuidando el presente; a que pensemos en las familias campechanas, a que demos pasos seguros y claros  hacia un horizonte de desarrollo, de mayor crecimiento y de buenas oportunidades\u201d, puntualiz\u00f3.<\/p>\n<p>Antes, el secretario de Educaci\u00f3n explic\u00f3 que de los 290 maestros galardonados, 282 pertenecen al  sistema federalizado y ocho al estatal.<br \/>De los docentes federales, 226 se hicieron acreedores a la medalla &#8220;Rafael Ram\u00edrez&#8221;, por 30 a\u00f1os de servicio; en tanto los restantes 56 obtuvieron la presea &#8220;Maestro Altamirano&#8221;, por 40 a\u00f1os de labor.<\/p>\n<p>Mientras que de los ocho profesores estatales, cuatro que cumplieron 25 a\u00f1os de servicio, recibieron la medalla &#8220;Luis \u00c1lvarez Barret&#8221;, y los cuatro restantes la condecoraci\u00f3n &#8220;Rafael Ram\u00edrez&#8221;, por 30 a\u00f1os de trabajo en el sector.&nbsp;<\/p>\n<p>Por su parte, Mar\u00eda del Socorro Baeza Campos, \u201cMaestro Em\u00e9rito Campechano\u201d, destac\u00f3 que a los docentes les ha tocado vivir tiempos dif\u00edciles de retos y cambios, pero nada los ha amedrentado ni desviado del camino que se han trazado, por lo que no hay mejor incentivo que renueve el ejercicio pedag\u00f3gico que el reconocimiento de las autoridades.<\/p>\n<p>A nombre de los maestros galardonados, el profesor Roberto G\u00f3ngora Canul puntualiz\u00f3 que los educadores campechanos aceptan cualquier reto porque est\u00e1n convencidos que brindar una educaci\u00f3n de calidad es imprescindible e impostergable, y para que esto sea posible es necesario que se contin\u00fae con la modernizaci\u00f3n de la infraestructura escolar, el equipamiento de las aulas, mayor conectividad de internet y la mejora salarial.<\/p>\n<p>El gobernador tambi\u00e9n entreg\u00f3 el premio \u201cEducaci\u00f3n 2018\u201d a Irma Noemy Mast\u00e9 Panty y Mar\u00eda Gertrudis Cuevas Cob, directoras de las escuelas de preescolar ind\u00edgena \u201cChich\u00e9n-Itz\u00e1\u201d y de educaci\u00f3n inicial \u201cSakpakal\u201d, ubicadas en el municipio de Hopelch\u00e9n.&nbsp;<\/p>\n<p>Tambien estuvieron presentes, los titulares de los poderes Legislativo y Judicial, Laura Olimpia Baqueiro Ramos y Miguel \u00c1ngel Chuc L\u00f3pez, respectivamente; el presidente municipal, Edgar Hern\u00e1ndez Hern\u00e1ndez; el secretario general de la secci\u00f3n IV del SNTE, Mois\u00e9s Maas Cab y el rector del Instituto Campechano, Fernando Sandoval Castellanos.<\/p>\n","protected":false},"excerpt":{"rendered":"<p>Entrega el premio \u201cMaestro Em\u00e9rito Campechano\u201d.<\/p>\n","protected":false},"author":1018,"featured_media":0,"comment_status":"open","ping_status":"open","sticky":false,"template":"","format":"standard","meta":{"tdm_status":"","tdm_grid_status":"","footnotes":""},"categories":[27],"tags":[],"_links":{"self":[{"href":"https:\/\/dralvarez.com.mx\/larevista\/wp-json\/wp\/v2\/posts\/65349"}],"collection":[{"href":"https:\/\/dralvarez.com.mx\/larevista\/wp-json\/wp\/v2\/posts"}],"about":[{"href":"https:\/\/dralvarez.com.mx\/larevista\/wp-json\/wp\/v2\/types\/post"}],"author":[{"embeddable":true,"href":"https:\/\/dralvarez.com.mx\/larevista\/wp-json\/wp\/v2\/users\/1018"}],"replies":[{"embeddable":true,"href":"https:\/\/dralvarez.com.mx\/larevista\/wp-json\/wp\/v2\/comments?post=65349"}],"version-history":[{"count":0,"href":"https:\/\/dralvarez.com.mx\/larevista\/wp-json\/wp\/v2\/posts\/65349\/revisions"}],"wp:attachment":[{"href":"https:\/\/dralvarez.com.mx\/larevista\/wp-json\/wp\/v2\/media?parent=65349"}],"wp:term":[{"taxonomy":"category","embeddable":true,"href":"https:\/\/dralvarez.com.mx\/larevista\/wp-json\/wp\/v2\/categories?post=65349"},{"taxonomy":"post_tag","embeddable":true,"href":"https:\/\/dralvarez.com.mx\/larevista\/wp-json\/wp\/v2\/tags?post=65349"}],"curies":[{"name":"wp","href":"https:\/\/api.w.org\/{rel}","templated":true}]}}