{"id":65308,"date":"2018-05-15T00:00:00","date_gmt":"2018-05-15T06:00:00","guid":{"rendered":"https:\/\/dralvarez.com.mx\/larevista\/blog\/un-campeche-aliado-y-seguro-compromiso-de-claudio-cetina-25165"},"modified":"2018-05-15T00:00:00","modified_gmt":"2018-05-15T06:00:00","slug":"un-campeche-aliado-y-seguro-compromiso-de-claudio-cetina-25165","status":"publish","type":"post","link":"https:\/\/dralvarez.com.mx\/larevista\/compeche\/un-campeche-aliado-y-seguro-compromiso-de-claudio-cetina-25165","title":{"rendered":"Un Campeche aliado y seguro, compromiso de Claudio Cetina"},"content":{"rendered":"<\/p>\n<p>\u201cAunque somos el Estado m\u00e1s seguro del pa\u00eds, hay que mejorar m\u00e1s en el tema para que las familias campechanas se sientan seguras en sus casas, calles y lugares p\u00fablicos que visiten\u201d, expres\u00f3 Claudio Cetina G\u00f3mez, candidato a Presidente Municipal de Campeche.<\/p>\n<p>Al recorrer la colonia Minas y el barrio de Santa Lucia, donde fue recibido con gran respaldo ciudadano, el abanderado de la coalici\u00f3n \u201cCampeche para Todos\u201d, signific\u00f3 que est\u00e1 comprometido con dicho tema y propone la \u201cAlianza Vecinal por la Seguridad\u201d a trav\u00e9s de la cual con la cooperaci\u00f3n de los campechanos y los tres \u00f3rdenes de gobierno fortalecer\u00e1n el frente com\u00fan contra la delincuencia.<\/p>\n<p>\u201cAunque somos el Estado m\u00e1s seguro tenemos que mejorar, tenemos dos ejemplos, uno en Chin\u00e1 y otro en un fraccionamiento donde la \u201cAlianza Vecinal\u201d funciona al 100 por ciento y los \u00edndices delictivos han bajado a cero; eso nos motiva a seguir trabajando en el tema y lograr que Campeche contin\u00fae como el lugar m\u00e1s seguro\u201d, reiter\u00f3.<\/p>\n<p>Otro aspecto importante, es el adecuado funcionamiento de las luminarias p\u00fablicas por lo que se continuar\u00e1 con el programa de colocaci\u00f3n de l\u00e1mparas con tecnolog\u00eda led para brindar mayor seguridad y mejorar la calidad de vida de los campechanos.<\/p>\n<p>Asimismo, Cetina G\u00f3mez apoy\u00f3 la propuesta de diversos candidatos a diputados locales para reactivar las casetas de vigilancia, pero insisti\u00f3 que s\u00f3lo trabajando en conjunto el \u00edndice delictivo bajar\u00e1 a cero y las familias se sentir\u00e1n protegidas.<\/p>\n<p>Durante este d\u00eda, el aliancista tambi\u00e9n se reuni\u00f3 con empresarios de la C\u00e1mara Nacional de la Industria de la Transformaci\u00f3n (CANACINTRA) quienes apoyaron su proyecto de municipio y le platearon ideas para trabajar en colaboraci\u00f3n.<\/p>\n<p>El abanderado del Partido Revolucionario Institucional (PRI), Verde Ecologista de M\u00e9xico (PVEM) y Nueva Alianza (PANAL), expres\u00f3 que un tema fundamental es el valor agregado que se le brindar\u00e1 a los productos del campo, ante la llegada de las Zonas Econ\u00f3micas Especiales en las que el Presidente Enrique Pe\u00f1a Nieto, anunci\u00f3 que ser\u00e1n incluidas las industrias energ\u00e9tica y la agroalimentaria.<\/p>\n<p>\u201cEs un valor agregado que podemos darle a las comunidades rurales que se dedican al campo, es algo que nos ayuda a trabajar en la industria de la transformaci\u00f3n\u201d, concluy\u00f3 Cetina G\u00f3mez.<\/p><\/p>\n","protected":false},"excerpt":{"rendered":"<p>Aunque somos el Estado m\u00e1s seguro del pa\u00eds, hay que mejorar m\u00e1s en el tema para que las familias campechanas se sientan seguras en sus casas&#8230;<\/p>\n","protected":false},"author":1018,"featured_media":0,"comment_status":"open","ping_status":"open","sticky":false,"template":"","format":"standard","meta":{"tdm_status":"","tdm_grid_status":"","footnotes":""},"categories":[27],"tags":[],"_links":{"self":[{"href":"https:\/\/dralvarez.com.mx\/larevista\/wp-json\/wp\/v2\/posts\/65308"}],"collection":[{"href":"https:\/\/dralvarez.com.mx\/larevista\/wp-json\/wp\/v2\/posts"}],"about":[{"href":"https:\/\/dralvarez.com.mx\/larevista\/wp-json\/wp\/v2\/types\/post"}],"author":[{"embeddable":true,"href":"https:\/\/dralvarez.com.mx\/larevista\/wp-json\/wp\/v2\/users\/1018"}],"replies":[{"embeddable":true,"href":"https:\/\/dralvarez.com.mx\/larevista\/wp-json\/wp\/v2\/comments?post=65308"}],"version-history":[{"count":0,"href":"https:\/\/dralvarez.com.mx\/larevista\/wp-json\/wp\/v2\/posts\/65308\/revisions"}],"wp:attachment":[{"href":"https:\/\/dralvarez.com.mx\/larevista\/wp-json\/wp\/v2\/media?parent=65308"}],"wp:term":[{"taxonomy":"category","embeddable":true,"href":"https:\/\/dralvarez.com.mx\/larevista\/wp-json\/wp\/v2\/categories?post=65308"},{"taxonomy":"post_tag","embeddable":true,"href":"https:\/\/dralvarez.com.mx\/larevista\/wp-json\/wp\/v2\/tags?post=65308"}],"curies":[{"name":"wp","href":"https:\/\/api.w.org\/{rel}","templated":true}]}}