{"id":65267,"date":"2018-05-14T00:00:00","date_gmt":"2018-05-14T06:00:00","guid":{"rendered":"https:\/\/dralvarez.com.mx\/larevista\/blog\/campeche-sera-una-capital-de-vanguardia-ccg-25121"},"modified":"2018-05-14T00:00:00","modified_gmt":"2018-05-14T06:00:00","slug":"campeche-sera-una-capital-de-vanguardia-ccg-25121","status":"publish","type":"post","link":"https:\/\/dralvarez.com.mx\/larevista\/compeche\/campeche-sera-una-capital-de-vanguardia-ccg-25121","title":{"rendered":"Campeche ser\u00e1 una capital de vanguardia: CCG."},"content":{"rendered":"<\/p>\n<p>\u201cHacer crecer a Campeche es tener una ciudad limpia, cuidada y ordenada. Si nos ponemos las pilas en estos tres temas, lograremos que Campeche sea una ciudad a\u00fan m\u00e1s bonita, de vanguardia, con m\u00e1s espacios para convivir entre nosotros y al que querr\u00e1n llegar m\u00e1s turistas y habr\u00e1 m\u00e1s empleos, afirm\u00f3 Claudio Cetina G\u00f3mez, candidato a Presidente Municipal por la coalici\u00f3n \u201cCampeche para Todos\u201d.<\/p>\n<p>En rueda de prensa y al presentar el eje \u201cCampeche Crece\u201d, el candidato aliancista refiri\u00f3 que ante el continuo desarrollo del municipio, se tiene que trabajar para seguir mejorando en el tema de espacios y servicios p\u00fablicos y consolidar una capital de primera.&nbsp;&nbsp;<\/p>\n<p>\u201cLa calidad de una ciudad viene marcada por la calidad de su espacio p\u00fablico, por eso tenemos que cuidar las calles, plazas y parques de Campeche, pero tambi\u00e9n garantizar el orden y el buen uso de estos\u201d, agreg\u00f3 el candidato.<\/p>\n<p>A ello, abund\u00f3 que Campeche necesita un plan de desarrollo que incluya: calles en mejor estado, limpieza del espacio en el que se convive y transporte colectivo de calidad, acciones que se trabajar\u00e1n en conjunto con la sociedad, organizaciones civiles y el Gobierno Estatal.<\/p>\n<p>Claudio Cetina G\u00f3mez, asegur\u00f3 que poni\u00e9ndose las \u201cpilas\u201d en el tema de pavimentaci\u00f3n, colecta de basura, mejoramiento de parques y plazas, as\u00ed como trayendo infraestructura de calidad, disminuir\u00e1 la inseguridad y aumentar\u00e1 la calidad de vida.<\/p>\n<p>\u201cPara hacer que el eje \u201cCampeche Crece\u201d sea una realidad, vamos a contar con el Gobierno del Estado, lo que les platiqu\u00e9 sobre la \u201cAlianza Campeche\u201d, porque estoy consciente de que si el municipio se ordena, fortalece y crece, nuestro Estado, seguir\u00e1 mejorando\u201d, explic\u00f3.<\/p>\n<p>Respecto al audioesc\u00e1ndalo que compromete al candidato panista, Cetina G\u00f3mez consider\u00f3 que cada quien es responsable de sus palabras y sus actos. El aliancista evit\u00f3 caer en confrontaciones y reiter\u00f3 que est\u00e1 enfocado a desarrollar una campa\u00f1a transparente, responsable y propositiva porque los campechanos merecen resultados.<\/p>\n<p>\u201cAl candidato del PAN lo conozco desde hace much\u00edsimos a\u00f1os; la voz que sale en el audio, es su voz. Les puedo decir que nosotros no tenemos nada que ver con esos audios. Nosotros \u2013como les dije- estamos enfocados en la campa\u00f1a, nosotros estamos haciendo una campa\u00f1a de primera como merecen todos los campechanos\u201d, expres\u00f3.<\/p>\n<p>Firme, apunt\u00f3 que no caer\u00e1 en provocaciones y continuar\u00e1 con su campa\u00f1a de propuestas, sumando las ideas que la gente le expone para hacer de Campeche una capital ejemplar y de vanguardia.<\/p><\/p>\n","protected":false},"excerpt":{"rendered":"<p>Hacer crecer a Campeche es tener una ciudad limpia, cuidada y ordenada&#8230;<\/p>\n","protected":false},"author":1018,"featured_media":0,"comment_status":"open","ping_status":"open","sticky":false,"template":"","format":"standard","meta":{"tdm_status":"","tdm_grid_status":"","footnotes":""},"categories":[27],"tags":[],"_links":{"self":[{"href":"https:\/\/dralvarez.com.mx\/larevista\/wp-json\/wp\/v2\/posts\/65267"}],"collection":[{"href":"https:\/\/dralvarez.com.mx\/larevista\/wp-json\/wp\/v2\/posts"}],"about":[{"href":"https:\/\/dralvarez.com.mx\/larevista\/wp-json\/wp\/v2\/types\/post"}],"author":[{"embeddable":true,"href":"https:\/\/dralvarez.com.mx\/larevista\/wp-json\/wp\/v2\/users\/1018"}],"replies":[{"embeddable":true,"href":"https:\/\/dralvarez.com.mx\/larevista\/wp-json\/wp\/v2\/comments?post=65267"}],"version-history":[{"count":0,"href":"https:\/\/dralvarez.com.mx\/larevista\/wp-json\/wp\/v2\/posts\/65267\/revisions"}],"wp:attachment":[{"href":"https:\/\/dralvarez.com.mx\/larevista\/wp-json\/wp\/v2\/media?parent=65267"}],"wp:term":[{"taxonomy":"category","embeddable":true,"href":"https:\/\/dralvarez.com.mx\/larevista\/wp-json\/wp\/v2\/categories?post=65267"},{"taxonomy":"post_tag","embeddable":true,"href":"https:\/\/dralvarez.com.mx\/larevista\/wp-json\/wp\/v2\/tags?post=65267"}],"curies":[{"name":"wp","href":"https:\/\/api.w.org\/{rel}","templated":true}]}}