{"id":65234,"date":"2018-05-14T00:00:00","date_gmt":"2018-05-14T06:00:00","guid":{"rendered":"https:\/\/dralvarez.com.mx\/larevista\/blog\/total-apoyo-a-jovenes-y-emprendedores-campechanos-claudio-cetina-gomez-25088"},"modified":"2018-05-14T00:00:00","modified_gmt":"2018-05-14T06:00:00","slug":"total-apoyo-a-jovenes-y-emprendedores-campechanos-claudio-cetina-gomez-25088","status":"publish","type":"post","link":"https:\/\/dralvarez.com.mx\/larevista\/compeche\/total-apoyo-a-jovenes-y-emprendedores-campechanos-claudio-cetina-gomez-25088","title":{"rendered":"Total apoyo a j\u00f3venes y emprendedores campechanos: Claudio Cetina G\u00f3mez"},"content":{"rendered":"<\/p>\n<p>Comprometido con los j\u00f3venes y el esp\u00edritu emprendedor de los campechanos, Claudio Cetina G\u00f3mez, candidato a la Presidencia Municipal por la coalici\u00f3n \u201cCampeche para Todos\u201d, asegur\u00f3 que la promoci\u00f3n de empresas, apoyo a comercios y respaldo a los j\u00f3venes emprendedores ser\u00e1 prioridad durante su administraci\u00f3n.<\/p>\n<p>Para ello, se\u00f1al\u00f3 que el Centro de Emprendimiento Co-Working ser\u00e1 una realidad en el municipio, as\u00ed como la entrega de incentivos a empresas creadas por j\u00f3venes.<\/p>\n<p>Al continuar su campa\u00f1a pol\u00edtica, el aliancista asisti\u00f3 a la inauguraci\u00f3n del Primer Campeonato de Segunda Fuerza de B\u00e9isbol de la colonia Morelos, donde refrend\u00f3 su apoyo al deporte y se comprometi\u00f3 a la construcci\u00f3n de ba\u00f1os en los campos deportivos y a establecer un programa de construcci\u00f3n de gradas y mallas para estos espacios, con el fin de que las familias disfruten mejor de los eventos que ah\u00ed son realizados.<\/p>\n<p>M\u00e1s tarde visit\u00f3 las localidades de Crucero de Ox\u00e1, Pueblo Nuevo y San Antonio Cayal, en las que Claudio Cetina G\u00f3mez, tambi\u00e9n ofreci\u00f3 alternativas para impulsar a los j\u00f3venes emprendedores de la zona rural y hacerlos parte de la innovaci\u00f3n y transformaci\u00f3n de Campeche.<\/p>\n<p>Insisti\u00f3 que con la \u201cAlianza Campeche\u201d ser\u00e1 posible crear mejores condiciones que facilitar\u00e1n la formaci\u00f3n de empresas, la capacitaci\u00f3n para el trabajo y la generaci\u00f3n de m\u00e1s y mejores empleos.<\/p>\n<p>\u201cHay que ponernos las pilas y echarnos la mano todos, ah\u00ed est\u00e1 el futuro de Campeche, vamos a construir un Campeche fuerte y seguro; los chavos con ideas innovadoras pueden ayudar mucho\u201d, recalc\u00f3.<\/p>\n<p>Finalmente Claudio Cetina, recorri\u00f3 las localidades de San Camilo y Nilch\u00ed donde fue recibido con porras de sus simpatizantes que lo acompa\u00f1aron en su caminata al grito de \u00a1mi gallo es Claudio!<\/p>\n<p>Ante los pobladores de estas comunidades, Cetina G\u00f3mez reiter\u00f3 su compromiso de trabajar con energ\u00eda y en equipo para hacer de las poblaciones rurales polos de desarrollo y progreso para las familias campechanas.<\/p><\/p>\n","protected":false},"excerpt":{"rendered":"<p>Comprometido con los j\u00f3venes y el esp\u00edritu emprendedor de los campechanos&#8230;<\/p>\n","protected":false},"author":1018,"featured_media":0,"comment_status":"open","ping_status":"open","sticky":false,"template":"","format":"standard","meta":{"tdm_status":"","tdm_grid_status":"","footnotes":""},"categories":[27],"tags":[],"_links":{"self":[{"href":"https:\/\/dralvarez.com.mx\/larevista\/wp-json\/wp\/v2\/posts\/65234"}],"collection":[{"href":"https:\/\/dralvarez.com.mx\/larevista\/wp-json\/wp\/v2\/posts"}],"about":[{"href":"https:\/\/dralvarez.com.mx\/larevista\/wp-json\/wp\/v2\/types\/post"}],"author":[{"embeddable":true,"href":"https:\/\/dralvarez.com.mx\/larevista\/wp-json\/wp\/v2\/users\/1018"}],"replies":[{"embeddable":true,"href":"https:\/\/dralvarez.com.mx\/larevista\/wp-json\/wp\/v2\/comments?post=65234"}],"version-history":[{"count":0,"href":"https:\/\/dralvarez.com.mx\/larevista\/wp-json\/wp\/v2\/posts\/65234\/revisions"}],"wp:attachment":[{"href":"https:\/\/dralvarez.com.mx\/larevista\/wp-json\/wp\/v2\/media?parent=65234"}],"wp:term":[{"taxonomy":"category","embeddable":true,"href":"https:\/\/dralvarez.com.mx\/larevista\/wp-json\/wp\/v2\/categories?post=65234"},{"taxonomy":"post_tag","embeddable":true,"href":"https:\/\/dralvarez.com.mx\/larevista\/wp-json\/wp\/v2\/tags?post=65234"}],"curies":[{"name":"wp","href":"https:\/\/api.w.org\/{rel}","templated":true}]}}