{"id":65211,"date":"2018-05-12T00:00:00","date_gmt":"2018-05-12T06:00:00","guid":{"rendered":"https:\/\/dralvarez.com.mx\/larevista\/blog\/lugarenos-de-alfredo-v-bonfil-respaldan-el-proyecto-de-claudio-cetina-gomez-25064"},"modified":"2018-05-12T00:00:00","modified_gmt":"2018-05-12T06:00:00","slug":"lugarenos-de-alfredo-v-bonfil-respaldan-el-proyecto-de-claudio-cetina-gomez-25064","status":"publish","type":"post","link":"https:\/\/dralvarez.com.mx\/larevista\/compeche\/lugarenos-de-alfredo-v-bonfil-respaldan-el-proyecto-de-claudio-cetina-gomez-25064","title":{"rendered":"Lugare\u00f1os de Alfredo V. Bonfil respaldan el proyecto de Claudio Cetina G\u00f3mez"},"content":{"rendered":"<p>\u201cTenemos que hacer un municipio incluyente, las comunidades rurales son parte de este bello municipio y tenemos que seguir trabajando por ellas\u201d, declar\u00f3 Claudio Cetina G\u00f3mez, candidato a la alcald\u00eda de Campeche por la coalici\u00f3n \u201cCampeche para Todos\u201d.<\/p>\n<p>Al ajustar 14 d\u00edas de campa\u00f1a, Cetina G\u00f3mez asisti\u00f3 al festejo del 45 aniversario de la Junta Municipal de Alfredo V. Bonfil, donde celebr\u00f3 que se trabaje fuertemente con productos como la leche, la carne y la miel, generando una econom\u00eda estable para la poblaci\u00f3n.<\/p>\n<p>Acompa\u00f1ado de decenas de simpatizantes, el abanderado del Partido Revolucionario Institucional (PRI), Partido Verde Ecologista de M\u00e9xico (PVEM) y Partido Nueva Alianza (Panal), cabalg\u00f3 por las principales calles del lugar para conmemorar este d\u00eda; recibi\u00f3 el respaldo a su proyecto rumbo a la presidencia municipal.<\/p>\n<p>Durante las m\u00e1s de tres horas que visit\u00f3 la demarcaci\u00f3n, Cetina G\u00f3mez, aplaudi\u00f3 el anuncio de la Comisi\u00f3n Federal de Electricidad (CFE) de invertir en Campeche recursos por un total de 675 millones de pesos para la mejora de subestaciones y cableado, mantenimiento y operaci\u00f3n de todo el sistema el\u00e9ctrico y obras de electrificaci\u00f3n.<\/p>\n<p>\u201cEn las comunidades rurales como saben, se trabaja mucho el campo y ac\u00e1 en Alfredo V. Bonfil es una comunidad rural donde tenemos  500 familias que llegaron desde hace 45 a\u00f1os y trabajan en la estaci\u00f3n de leche, fabricaci\u00f3n de quesos, entonces necesitan de esa red para continuar con su labor\u201d, explic\u00f3.<\/p>\n<p>En medio de porras y apoyo a su proyecto, insisti\u00f3 que el trabajo debe ser permanente en las comunidades rurales para que la poblaci\u00f3n cuente con mejores oportunidades y una mejor calidad de vida.<\/p>\n<p>\u201cNuestro cabildo est\u00e1 formado por gente representativa, tenemos a nuestro amigo, Jos\u00e9 Chaires, naci\u00f3 ac\u00e1 en Bonfil, as\u00ed como Wilgen Cherrez en Pich, somos parte de este equipo que estar\u00e1 pendiente de las comunidades para hacer un mejor Campeche\u201d, subray\u00f3.<\/p>\n<p>Por la tarde, \u201cel gallo\u201d retom\u00f3 su caminata por el fraccionamiento Ex Hacienda Kal\u00e1; calle por calle dio cuenta de sus propuestas, teniendo como objetivo, potencializar el municipio de Campeche y mejorar la calidad de vida de los campechanos.<\/p>\n","protected":false},"excerpt":{"rendered":"<p>Tenemos que hacer un municipio incluyente&#8230;<\/p>\n","protected":false},"author":1018,"featured_media":0,"comment_status":"open","ping_status":"open","sticky":false,"template":"","format":"standard","meta":{"tdm_status":"","tdm_grid_status":"","footnotes":""},"categories":[27],"tags":[],"_links":{"self":[{"href":"https:\/\/dralvarez.com.mx\/larevista\/wp-json\/wp\/v2\/posts\/65211"}],"collection":[{"href":"https:\/\/dralvarez.com.mx\/larevista\/wp-json\/wp\/v2\/posts"}],"about":[{"href":"https:\/\/dralvarez.com.mx\/larevista\/wp-json\/wp\/v2\/types\/post"}],"author":[{"embeddable":true,"href":"https:\/\/dralvarez.com.mx\/larevista\/wp-json\/wp\/v2\/users\/1018"}],"replies":[{"embeddable":true,"href":"https:\/\/dralvarez.com.mx\/larevista\/wp-json\/wp\/v2\/comments?post=65211"}],"version-history":[{"count":0,"href":"https:\/\/dralvarez.com.mx\/larevista\/wp-json\/wp\/v2\/posts\/65211\/revisions"}],"wp:attachment":[{"href":"https:\/\/dralvarez.com.mx\/larevista\/wp-json\/wp\/v2\/media?parent=65211"}],"wp:term":[{"taxonomy":"category","embeddable":true,"href":"https:\/\/dralvarez.com.mx\/larevista\/wp-json\/wp\/v2\/categories?post=65211"},{"taxonomy":"post_tag","embeddable":true,"href":"https:\/\/dralvarez.com.mx\/larevista\/wp-json\/wp\/v2\/tags?post=65211"}],"curies":[{"name":"wp","href":"https:\/\/api.w.org\/{rel}","templated":true}]}}