{"id":65208,"date":"2018-05-12T00:00:00","date_gmt":"2018-05-12T06:00:00","guid":{"rendered":"https:\/\/dralvarez.com.mx\/larevista\/blog\/vamos-a-empoderar-a-las-mujeres-campechanas-jorge-chanona-25061"},"modified":"2018-05-12T00:00:00","modified_gmt":"2018-05-12T06:00:00","slug":"vamos-a-empoderar-a-las-mujeres-campechanas-jorge-chanona-25061","status":"publish","type":"post","link":"https:\/\/dralvarez.com.mx\/larevista\/compeche\/vamos-a-empoderar-a-las-mujeres-campechanas-jorge-chanona-25061","title":{"rendered":"Vamos a empoderar a las mujeres campechanas: Jorge Chanona"},"content":{"rendered":"<\/p>\n<p>Vamos a legislar para empoderar y<br \/>\ngarantizar los derechos de la mujer, afirm\u00f3 con energ\u00eda Jorge Chanona<br \/>\nEcheverr\u00eda, candidato a diputado federal por el primer distrito electoral, de<br \/>\nla coalici\u00f3n \u201cTodos por M\u00e9xico\u201d, durante el encuentro con mujeres del ONMPRI y<br \/>\nmadres solteras de Hecelchak\u00e1n.<\/p>\n<p>Chanona Echeverr\u00eda se\u00f1al\u00f3 que hoy<br \/>\nm\u00e1s que nunca se tiene que trabajar para empoderar a la mujer, porque la mujer<br \/>\nes la que ha demostrado el compromiso con su familia y con la sociedad.<\/p>\n<p>El aspirante a diputado federal por<br \/>\nla coalici\u00f3n PRI, PVEM y PANAL, quien estuvo acompa\u00f1ado de su esposa Jimena<br \/>\nTorre de Chanona, la candidata a la presidencia municipal, Lupita P\u00e9rez Ic y de<br \/>\nla candidata por el distrito XIX,  Dora<br \/>\nMar\u00eda Euan Uc, se\u00f1al\u00f3 \u201cestoy aqu\u00ed para llevarme sus ideas, para que junto con<br \/>\nmis compa\u00f1eros candidatos construyamos propuestas que realmente resuelvan<br \/>\nproblem\u00e1ticas y respalden a la mujer\u201d.<\/p>\n<p>Destac\u00f3 que las mujeres adem\u00e1s de<br \/>\nser el pilar de la familia, son el pilar de la sociedad, \u201ces por ello que vamos<br \/>\na legislar pol\u00edticas p\u00fablicas que empoderen a las mujeres, bajando recursos<br \/>\npara cumplirles\u201d.<\/p>\n<p>La pol\u00edtica, a\u00f1adi\u00f3, es una<br \/>\nherramienta para llegar a objetivos, para m\u00ed los cargos p\u00fablicos son<br \/>\ntransitorios, la obligaci\u00f3n del servidor p\u00fablico es escuchar y su misi\u00f3n debe<br \/>\nser cumplir y Jorge Chanona cumple lo que promete.<\/p>\n<p>Por su parte las mujeres dijeron<br \/>\nsentirse seguras de que su amigo Chanona, porque es un hombre comprometido con<br \/>\nlas mujeres y saben que no les va a fallar.<\/p>\n<p>Posteriormente en su recorrido por<br \/>\nlas calles, los vecinos mostraban su apoyo<br \/>\nentre aplausos le gritaban \u201cChanona tu eres el candidato rural, el<br \/>\ncandidato del campo\u201d,  sum\u00e1ndose  a la caminata.<\/p>\n<p>\u201cLos invito a seguir transformando<br \/>\nun estado con valores de humildad, con los valores de trabajo, con el valor que<br \/>\ntodos queremos que se le d\u00e9 a los campechanos\u201d, expres\u00f3 a los vecinos que se<br \/>\na\u00f1ad\u00edan a la caminata.<\/p><\/p>\n","protected":false},"excerpt":{"rendered":"<p>Vamos a legislar para empoderar y garantizar los derechos de la mujer&#8230;<\/p>\n","protected":false},"author":1018,"featured_media":0,"comment_status":"open","ping_status":"open","sticky":false,"template":"","format":"standard","meta":{"tdm_status":"","tdm_grid_status":"","footnotes":""},"categories":[27],"tags":[],"_links":{"self":[{"href":"https:\/\/dralvarez.com.mx\/larevista\/wp-json\/wp\/v2\/posts\/65208"}],"collection":[{"href":"https:\/\/dralvarez.com.mx\/larevista\/wp-json\/wp\/v2\/posts"}],"about":[{"href":"https:\/\/dralvarez.com.mx\/larevista\/wp-json\/wp\/v2\/types\/post"}],"author":[{"embeddable":true,"href":"https:\/\/dralvarez.com.mx\/larevista\/wp-json\/wp\/v2\/users\/1018"}],"replies":[{"embeddable":true,"href":"https:\/\/dralvarez.com.mx\/larevista\/wp-json\/wp\/v2\/comments?post=65208"}],"version-history":[{"count":0,"href":"https:\/\/dralvarez.com.mx\/larevista\/wp-json\/wp\/v2\/posts\/65208\/revisions"}],"wp:attachment":[{"href":"https:\/\/dralvarez.com.mx\/larevista\/wp-json\/wp\/v2\/media?parent=65208"}],"wp:term":[{"taxonomy":"category","embeddable":true,"href":"https:\/\/dralvarez.com.mx\/larevista\/wp-json\/wp\/v2\/categories?post=65208"},{"taxonomy":"post_tag","embeddable":true,"href":"https:\/\/dralvarez.com.mx\/larevista\/wp-json\/wp\/v2\/tags?post=65208"}],"curies":[{"name":"wp","href":"https:\/\/api.w.org\/{rel}","templated":true}]}}