{"id":65194,"date":"2018-05-11T00:00:00","date_gmt":"2018-05-11T06:00:00","guid":{"rendered":"https:\/\/dralvarez.com.mx\/larevista\/blog\/gestiona-ejecutivo-estatal-ante-pemex-mayor-respaldo-a-campeche-25047"},"modified":"2018-05-11T00:00:00","modified_gmt":"2018-05-11T06:00:00","slug":"gestiona-ejecutivo-estatal-ante-pemex-mayor-respaldo-a-campeche-25047","status":"publish","type":"post","link":"https:\/\/dralvarez.com.mx\/larevista\/compeche\/gestiona-ejecutivo-estatal-ante-pemex-mayor-respaldo-a-campeche-25047","title":{"rendered":"Gestiona ejecutivo estatal ante  PEMEX mayor respaldo a Campeche"},"content":{"rendered":"<\/p>\n<p><b><i><\/i><\/b><\/p>\n<blockquote><p><b><i>La paraestatal ha mantenido<br \/>\nsu compromiso de trabajar en coordinaci\u00f3n con las autoridades estatales a fin<br \/>\nde contribuir a mejorar las condiciones de vida de los campechanos con mayor<br \/>\ninfraestructura, herramientas y equipo.&nbsp;<\/i><\/b><\/p><\/blockquote>\n<p>El gobernador Alejandro Moreno C\u00e1rdenas<br \/>\nintensific\u00f3 sus labores de gesti\u00f3n ante el director general de Petr\u00f3leos<br \/>\nMexicanos, Carlos Trevi\u00f1o Medina, para fortalecer el respaldo de la empresa<br \/>\nmexicana a los pescadores campechanos y al programa anual de obras de beneficio<br \/>\nmutuo.<\/p>\n<p>Ambos funcionarios tambi\u00e9n dieron<br \/>\nseguimiento al avance de las inversiones que est\u00e1 generando la reforma<br \/>\nenerg\u00e9tica y de manera particular revisaron las relacionadas con la ronda 3.1,<br \/>\nque como se recordar\u00e1 ha proyectado efectuar labores de exploraci\u00f3n y extracci\u00f3n<br \/>\nen aguas someras de la Sonda de Campeche.<\/p>\n<p>El mandatario campechano reconoci\u00f3 el<br \/>\ncompromiso que Pemex ha mantenido de trabajar coordinadamente con las<br \/>\nautoridades estatales para contribuir a mejorar las condiciones de vida de los<br \/>\ncampechanos con mayor infraestructura, herramientas y equipo.<\/p>\n<p>\u201cReconocemos el apoyo que la empresa ha<br \/>\notorgado al estado para que mejore la infraestructura urbana y rural; los<br \/>\nsectores productivos cuenten con mejor equipamiento y apoyos para el desarrollo<br \/>\nde sus actividades y se fortalezcan las medidas de seguridad p\u00fablica, entre<br \/>\notras muchas acciones\u201d, se\u00f1al\u00f3 Moreno C\u00e1rdenas durante la reuni\u00f3n celebrada en<br \/>\noficinas centrales de Pemex.<\/p><\/p>\n","protected":false},"excerpt":{"rendered":"<p>El gobernador Alejandro Moreno C\u00e1rdenas se reuni\u00f3 con el director general de Petr\u00f3leos Mexicanos, Carlos Trevi\u00f1o Medina, en la CDMX&#8230;<\/p>\n","protected":false},"author":1018,"featured_media":0,"comment_status":"open","ping_status":"open","sticky":false,"template":"","format":"standard","meta":{"tdm_status":"","tdm_grid_status":"","footnotes":""},"categories":[27],"tags":[],"_links":{"self":[{"href":"https:\/\/dralvarez.com.mx\/larevista\/wp-json\/wp\/v2\/posts\/65194"}],"collection":[{"href":"https:\/\/dralvarez.com.mx\/larevista\/wp-json\/wp\/v2\/posts"}],"about":[{"href":"https:\/\/dralvarez.com.mx\/larevista\/wp-json\/wp\/v2\/types\/post"}],"author":[{"embeddable":true,"href":"https:\/\/dralvarez.com.mx\/larevista\/wp-json\/wp\/v2\/users\/1018"}],"replies":[{"embeddable":true,"href":"https:\/\/dralvarez.com.mx\/larevista\/wp-json\/wp\/v2\/comments?post=65194"}],"version-history":[{"count":0,"href":"https:\/\/dralvarez.com.mx\/larevista\/wp-json\/wp\/v2\/posts\/65194\/revisions"}],"wp:attachment":[{"href":"https:\/\/dralvarez.com.mx\/larevista\/wp-json\/wp\/v2\/media?parent=65194"}],"wp:term":[{"taxonomy":"category","embeddable":true,"href":"https:\/\/dralvarez.com.mx\/larevista\/wp-json\/wp\/v2\/categories?post=65194"},{"taxonomy":"post_tag","embeddable":true,"href":"https:\/\/dralvarez.com.mx\/larevista\/wp-json\/wp\/v2\/tags?post=65194"}],"curies":[{"name":"wp","href":"https:\/\/api.w.org\/{rel}","templated":true}]}}