{"id":65179,"date":"2018-05-11T00:00:00","date_gmt":"2018-05-11T06:00:00","guid":{"rendered":"https:\/\/dralvarez.com.mx\/larevista\/blog\/se-compromete-claudio-cetina-gomez-con-el-bienestar-animal-25031"},"modified":"2018-05-11T00:00:00","modified_gmt":"2018-05-11T06:00:00","slug":"se-compromete-claudio-cetina-gomez-con-el-bienestar-animal-25031","status":"publish","type":"post","link":"https:\/\/dralvarez.com.mx\/larevista\/compeche\/se-compromete-claudio-cetina-gomez-con-el-bienestar-animal-25031","title":{"rendered":"Se compromete Claudio Cetina G\u00f3mez con el bienestar animal"},"content":{"rendered":"<p>La protecci\u00f3n a los animales es una de las demandas ciudadanas, que el candidato a la Presidencia Municipal, Claudio Cetina G\u00f3mez, se ha comprometido a atender a trav\u00e9s de su propuesta de crear el Centro Temporal de Bienestar Animal.<\/p>\n<p>Al recorrer las calles de la colonia Ampliaci\u00f3n Esperanza junto con la candidatas a diputadas locales por el  segundo y tercer distrito, Mar\u00eda Santamar\u00eda Blum y Rossina Saravia Lugo, respectivamente, Cetina G\u00f3mez se\u00f1al\u00f3 que dicho espacio, con apoyo de la poblaci\u00f3n, de la Secretar\u00eda de Salud y de organizaciones protectoras de animales, brindar\u00eda resultados en el corto y mediano plazo.<\/p>\n<p>Igual se\u00f1al\u00f3 que la creaci\u00f3n del Centro Temporal de Bienestar Animal, est\u00e1 incluida en su propuesta ocho, \u201cCampeche Sano y Amigo\u201d; el abanderado de la coalici\u00f3n \u201cCampeche para Todos\u201d, reiter\u00f3 que esta acci\u00f3n surge de las diversas reuniones que sostuvo con animalistas, quienes desean aportar su experiencia en el tema para acabar con la problem\u00e1tica de los perros y gatos callejeros y evitar el maltrato animal.<\/p>\n<p>\u201cTambi\u00e9n los veterinarios quieren aportar en este proyecto \u00bfy porque no? los j\u00f3venes estudiantes pueden hacer sus pr\u00e1cticas y brindarle una mejor calidad de vida\u201d, ponder\u00f3 el candidato aliancista.<\/p>\n<p>Reafirm\u00f3 que los desaf\u00edos se resuelven mejor en equipo y por ello hace \u00e9nfasis en la \u201cAlianza Campeche\u201d, porque se trata de trabajar en unidad para un mejor Estado y municipio; \u201csi Campeche va a mejorar no es cuesti\u00f3n de las autoridades, es cuesti\u00f3n de todos y cada uno\u201d, expres\u00f3.<\/p>\n<p>En otro tema, el candidato aliancista se pronunci\u00f3 respecto a las cr\u00edticas que han surgido por la tarjeta \u201cLa Campechana\u201d, remarc\u00f3 que la \u00fanica finalidad que tiene tal propuesta es apoyar a la econom\u00eda de los campechanos. <\/p>\n<p>A su paso por la calle Solidaridad, el candidato platic\u00f3 con estudiantes del Cecytec quienes le externaron su preocupaci\u00f3n por el tema de los adultos mayores, la seguridad y el apoyo a los j\u00f3venes; ah\u00ed Cetina G\u00f3mez, les expuso sus alternativas de soluci\u00f3n a cada una de sus inquietudes.<\/p>\n<p>Por la tarde se traslad\u00f3 a la comunidad de Hampolol, donde tambi\u00e9n recibi\u00f3 amplio respaldo de los lugare\u00f1os, quienes le se\u00f1alaron como principal demanda el mejoramiento de los servicios p\u00fablicos, pavimentaci\u00f3n y alumbrado, temas que el candidato asegur\u00f3, son prioridad en su propuesta para el desarrollo de Campeche.<\/p>\n","protected":false},"excerpt":{"rendered":"<p>La protecci\u00f3n a los animales es una de las demandas ciudadanas, que el candidato se ha comprometido a atender&#8230;<\/p>\n","protected":false},"author":1018,"featured_media":0,"comment_status":"open","ping_status":"open","sticky":false,"template":"","format":"standard","meta":{"tdm_status":"","tdm_grid_status":"","footnotes":""},"categories":[27],"tags":[],"_links":{"self":[{"href":"https:\/\/dralvarez.com.mx\/larevista\/wp-json\/wp\/v2\/posts\/65179"}],"collection":[{"href":"https:\/\/dralvarez.com.mx\/larevista\/wp-json\/wp\/v2\/posts"}],"about":[{"href":"https:\/\/dralvarez.com.mx\/larevista\/wp-json\/wp\/v2\/types\/post"}],"author":[{"embeddable":true,"href":"https:\/\/dralvarez.com.mx\/larevista\/wp-json\/wp\/v2\/users\/1018"}],"replies":[{"embeddable":true,"href":"https:\/\/dralvarez.com.mx\/larevista\/wp-json\/wp\/v2\/comments?post=65179"}],"version-history":[{"count":0,"href":"https:\/\/dralvarez.com.mx\/larevista\/wp-json\/wp\/v2\/posts\/65179\/revisions"}],"wp:attachment":[{"href":"https:\/\/dralvarez.com.mx\/larevista\/wp-json\/wp\/v2\/media?parent=65179"}],"wp:term":[{"taxonomy":"category","embeddable":true,"href":"https:\/\/dralvarez.com.mx\/larevista\/wp-json\/wp\/v2\/categories?post=65179"},{"taxonomy":"post_tag","embeddable":true,"href":"https:\/\/dralvarez.com.mx\/larevista\/wp-json\/wp\/v2\/tags?post=65179"}],"curies":[{"name":"wp","href":"https:\/\/api.w.org\/{rel}","templated":true}]}}