{"id":65117,"date":"2018-05-10T00:00:00","date_gmt":"2018-05-10T06:00:00","guid":{"rendered":"https:\/\/dralvarez.com.mx\/larevista\/blog\/feria-del-producto-emprendiendo-el-futuro-24965"},"modified":"2018-05-10T00:00:00","modified_gmt":"2018-05-10T06:00:00","slug":"feria-del-producto-emprendiendo-el-futuro-24965","status":"publish","type":"post","link":"https:\/\/dralvarez.com.mx\/larevista\/compeche\/feria-del-producto-emprendiendo-el-futuro-24965","title":{"rendered":"Feria del Producto \u201cEmprendiendo el Futuro\u201d"},"content":{"rendered":"<p>Alumnos del sexto semestre de la Carrera T\u00e9cnica de Gericultura, del plantel Campeche, del Colegio de Estudios Cient\u00edficos y Tecnol\u00f3gicos del Estado de Campeche (CECyTEC), participaron en la Feria del Producto \u201cEmprendiendo el Futuro\u201d, realizada en las instalaciones de la Unidad Deportiva 20 de Noviembre, donde obtuvieron el segundo lugar al mejor Pitch (Presentaci\u00f3n que se realiza para que un posible inversor considere la opci\u00f3n de invertir en la empresa) con el proyecto \u201cAGERCAM\u201d, la cual es una Agencia de Gerontogeriatrica Integral de Campeche. Esta feria fue organizada por la Secretar\u00eda de Desarrollo Econ\u00f3mico (SEDECO), a trav\u00e9s del Instituto Campechano del Emprendedor (ICEM), como parte del programa \u201cEmprendiendo el Futuro\u201d, donde tambi\u00e9n participaron otras instituciones del nivel medio superior como la Universidad Aut\u00f3noma de Campeche (UAC) y el Instituto Tecnol\u00f3gico Agropecuario (ITA).  <\/p>\n","protected":false},"excerpt":{"rendered":"<p>Realizada en las instalaciones de la Unidad Deportiva 20 de Noviembre&#8230;<\/p>\n","protected":false},"author":1018,"featured_media":0,"comment_status":"open","ping_status":"open","sticky":false,"template":"","format":"standard","meta":{"tdm_status":"","tdm_grid_status":"","footnotes":""},"categories":[27],"tags":[],"_links":{"self":[{"href":"https:\/\/dralvarez.com.mx\/larevista\/wp-json\/wp\/v2\/posts\/65117"}],"collection":[{"href":"https:\/\/dralvarez.com.mx\/larevista\/wp-json\/wp\/v2\/posts"}],"about":[{"href":"https:\/\/dralvarez.com.mx\/larevista\/wp-json\/wp\/v2\/types\/post"}],"author":[{"embeddable":true,"href":"https:\/\/dralvarez.com.mx\/larevista\/wp-json\/wp\/v2\/users\/1018"}],"replies":[{"embeddable":true,"href":"https:\/\/dralvarez.com.mx\/larevista\/wp-json\/wp\/v2\/comments?post=65117"}],"version-history":[{"count":0,"href":"https:\/\/dralvarez.com.mx\/larevista\/wp-json\/wp\/v2\/posts\/65117\/revisions"}],"wp:attachment":[{"href":"https:\/\/dralvarez.com.mx\/larevista\/wp-json\/wp\/v2\/media?parent=65117"}],"wp:term":[{"taxonomy":"category","embeddable":true,"href":"https:\/\/dralvarez.com.mx\/larevista\/wp-json\/wp\/v2\/categories?post=65117"},{"taxonomy":"post_tag","embeddable":true,"href":"https:\/\/dralvarez.com.mx\/larevista\/wp-json\/wp\/v2\/tags?post=65117"}],"curies":[{"name":"wp","href":"https:\/\/api.w.org\/{rel}","templated":true}]}}