{"id":65091,"date":"2018-05-10T00:00:00","date_gmt":"2018-05-10T06:00:00","guid":{"rendered":"https:\/\/dralvarez.com.mx\/larevista\/blog\/jorge-chanona-recorre-fraccionamiento-siglo-xxi-24939"},"modified":"2018-05-10T00:00:00","modified_gmt":"2018-05-10T06:00:00","slug":"jorge-chanona-recorre-fraccionamiento-siglo-xxi-24939","status":"publish","type":"post","link":"https:\/\/dralvarez.com.mx\/larevista\/compeche\/jorge-chanona-recorre-fraccionamiento-siglo-xxi-24939","title":{"rendered":"Jorge Chanona recorre fraccionamiento Siglo XXI"},"content":{"rendered":"<\/p>\n<p>\u201cNuestra obligaci\u00f3n es escuchar y<br \/>\nnuestra misi\u00f3n debe ser cumplir\u201d se\u00f1al\u00f3 Jorge Chanona Echeverr\u00eda, candidato a<br \/>\ndiputado federal, al caminar casa por casa el fraccionamiento Siglo XXI, donde<br \/>\nreafirm\u00f3 su compromiso de trabajar desde el Congreso de la Uni\u00f3n por  las familias campechanas.<\/p>\n<p>El candidato de la coalici\u00f3n \u201cTodos<br \/>\nPor M\u00e9xico\u201d acompa\u00f1ado de su esposa Jimena Torre de Chanona, recorri\u00f3 diversas<br \/>\ncalles donde salud\u00f3 a los vecinos para exponer las acciones y proyecto de<br \/>\ntrabajo  que implementar\u00e1 desde la C\u00e1mara<br \/>\nde Diputados  para luchar por los<br \/>\nderechos sociales y defender los intereses del estado.<\/p>\n<p>Por su parte, los vecinos  aprovecharon la oportunidad para exponer sus<br \/>\nnecesidades y propuestas, respaldando a Jorge Chanona como la mejor opci\u00f3n para<br \/>\nla diputaci\u00f3n federal, porque con trabajo ha demostrado que siempre busca el<br \/>\nbienestar y desarrollo de las familias.<\/p>\n<p>Chanona Echeverr\u00eda se\u00f1al\u00f3 que<br \/>\nrealiza una campa\u00f1a de propuestas, basada en estudios y en diagn\u00f3sticos, en el<br \/>\ndi\u00e1logo con los ciudadanos, porque es la \u00fanica forma de que se busque la<br \/>\nsoluci\u00f3n a los problemas.<\/p>\n<p>Reiter\u00f3 su compromiso de trabajar<br \/>\nsiempre con la convicci\u00f3n de atender las necesidades de los habitantes que<br \/>\nmenos tienen, para mejorar su calidad de vida.<\/p>\n<p>Por ultimo agradeci\u00f3 a los<br \/>\nciudadanos la oportunidad de continuar su campa\u00f1a platicando con ellos  porque \u201cCon una nueva actitud, vamos a<br \/>\ntransformar a Campeche\u201d.<\/p><\/p>\n","protected":false},"excerpt":{"rendered":"<p>Nuestra obligaci\u00f3n es escuchar y nuestra misi\u00f3n debe ser cumplir&#8230;<\/p>\n","protected":false},"author":1018,"featured_media":0,"comment_status":"open","ping_status":"open","sticky":false,"template":"","format":"standard","meta":{"tdm_status":"","tdm_grid_status":"","footnotes":""},"categories":[27],"tags":[],"_links":{"self":[{"href":"https:\/\/dralvarez.com.mx\/larevista\/wp-json\/wp\/v2\/posts\/65091"}],"collection":[{"href":"https:\/\/dralvarez.com.mx\/larevista\/wp-json\/wp\/v2\/posts"}],"about":[{"href":"https:\/\/dralvarez.com.mx\/larevista\/wp-json\/wp\/v2\/types\/post"}],"author":[{"embeddable":true,"href":"https:\/\/dralvarez.com.mx\/larevista\/wp-json\/wp\/v2\/users\/1018"}],"replies":[{"embeddable":true,"href":"https:\/\/dralvarez.com.mx\/larevista\/wp-json\/wp\/v2\/comments?post=65091"}],"version-history":[{"count":0,"href":"https:\/\/dralvarez.com.mx\/larevista\/wp-json\/wp\/v2\/posts\/65091\/revisions"}],"wp:attachment":[{"href":"https:\/\/dralvarez.com.mx\/larevista\/wp-json\/wp\/v2\/media?parent=65091"}],"wp:term":[{"taxonomy":"category","embeddable":true,"href":"https:\/\/dralvarez.com.mx\/larevista\/wp-json\/wp\/v2\/categories?post=65091"},{"taxonomy":"post_tag","embeddable":true,"href":"https:\/\/dralvarez.com.mx\/larevista\/wp-json\/wp\/v2\/tags?post=65091"}],"curies":[{"name":"wp","href":"https:\/\/api.w.org\/{rel}","templated":true}]}}