{"id":65089,"date":"2018-05-10T00:00:00","date_gmt":"2018-05-10T06:00:00","guid":{"rendered":"https:\/\/dralvarez.com.mx\/larevista\/blog\/alianza-campeche-el-equipo-que-va-a-transformar-al-estado-claudio-cetina-gomez-24937"},"modified":"2018-05-10T00:00:00","modified_gmt":"2018-05-10T06:00:00","slug":"alianza-campeche-el-equipo-que-va-a-transformar-al-estado-claudio-cetina-gomez-24937","status":"publish","type":"post","link":"https:\/\/dralvarez.com.mx\/larevista\/compeche\/alianza-campeche-el-equipo-que-va-a-transformar-al-estado-claudio-cetina-gomez-24937","title":{"rendered":"\u201cAlianza campeche\u201d, el equipo que va a transformar al Estado: Claudio Cetina G\u00f3mez"},"content":{"rendered":"<\/p>\n<p>La tarjeta \u201cLa campechana\u201d es el mejor ejemplo de la Alianza Campeche, se demuestra el trabajo en equipo por un mismo proyecto que traer\u00e1 beneficios a todos sin distinci\u00f3n\u201d, afirm\u00f3 el candidato a presidente municipal, Claudio Cetina G\u00f3mez.<\/p>\n<p>Al ser presentada por los candidatos federales Christian Castro Bello, Roc\u00edo Abreu, Jorge Chanona y Dulce Mar\u00eda Cervera; Cetina G\u00f3mez, resalt\u00f3 que es un proyecto que beneficiar\u00e1 al comercio local, la educaci\u00f3n, el deporte, la salud y el turismo.<\/p>\n<p>A esto, afirm\u00f3 que vendr\u00e1 a reforzar la propuesta de tarjeta \u201cLa Capital Vive\u201d, presentada el pasado domingo cuando inici\u00f3 su campa\u00f1a electoral y que ofrecer\u00e1 diversos descuentos e impulso al comercio local, demanda a\u00f1eja de la poblaci\u00f3n Campechana.<\/p>\n<p>\u201cEstamos muy contentos porque se puede gestionar este tipo de tarjetas que ser\u00e1n beneficiosas para todos no nada m\u00e1s para unos cuantos\u201d, insisti\u00f3.<\/p>\n<p>Al iniciar con cinco mil tarjetas este pr\u00f3ximo primero de julio, refiri\u00f3, que ser\u00e1 un beneficio para todos los campechanos y no solo para el municipio, con el fin de apoyar en la econom\u00eda en cada rinc\u00f3n del Estado.<\/p>\n<p>Por la ma\u00f1ana el abanderado de la coalici\u00f3n \u201cCampeche para Todos\u201d, sostuvo una reuni\u00f3n de trabajo con empresarios; dijo que ellos, est\u00e1n comprometidos a trabajar en equipo para brindar facilidades a las empresas y que estas sean generadoras de mayores empleos.<\/p>\n<p>A medio d\u00eda \u201cEl Gallo\u201d visit\u00f3 el Infonavit Justo sierra M\u00e9ndez donde junto a Rosina Saravia, candidata a diputada local por el tercer distrito llev\u00f3 su propuesta casa por casa y escuch\u00f3 las demandas m\u00e1s sentidas de la poblaci\u00f3n.<\/p>\n<p>Por la tarde y con las pilas bien puestas, Cetina G\u00f3mez toc\u00f3 puerta por puerta en la Ampliaci\u00f3n Ignacio Zaragoza buscando la confianza ciudadana para representarlos durante tres a\u00f1os. Se comprometi\u00f3 a no defraudarlos y brindar resultados.<\/p><\/p>\n","protected":false},"excerpt":{"rendered":"<p>La tarjeta \u201cLa campechana\u201d es el mejor ejemplo de la Alianza Campeche.<\/p>\n","protected":false},"author":1018,"featured_media":0,"comment_status":"open","ping_status":"open","sticky":false,"template":"","format":"standard","meta":{"tdm_status":"","tdm_grid_status":"","footnotes":""},"categories":[27],"tags":[],"_links":{"self":[{"href":"https:\/\/dralvarez.com.mx\/larevista\/wp-json\/wp\/v2\/posts\/65089"}],"collection":[{"href":"https:\/\/dralvarez.com.mx\/larevista\/wp-json\/wp\/v2\/posts"}],"about":[{"href":"https:\/\/dralvarez.com.mx\/larevista\/wp-json\/wp\/v2\/types\/post"}],"author":[{"embeddable":true,"href":"https:\/\/dralvarez.com.mx\/larevista\/wp-json\/wp\/v2\/users\/1018"}],"replies":[{"embeddable":true,"href":"https:\/\/dralvarez.com.mx\/larevista\/wp-json\/wp\/v2\/comments?post=65089"}],"version-history":[{"count":0,"href":"https:\/\/dralvarez.com.mx\/larevista\/wp-json\/wp\/v2\/posts\/65089\/revisions"}],"wp:attachment":[{"href":"https:\/\/dralvarez.com.mx\/larevista\/wp-json\/wp\/v2\/media?parent=65089"}],"wp:term":[{"taxonomy":"category","embeddable":true,"href":"https:\/\/dralvarez.com.mx\/larevista\/wp-json\/wp\/v2\/categories?post=65089"},{"taxonomy":"post_tag","embeddable":true,"href":"https:\/\/dralvarez.com.mx\/larevista\/wp-json\/wp\/v2\/tags?post=65089"}],"curies":[{"name":"wp","href":"https:\/\/api.w.org\/{rel}","templated":true}]}}