{"id":65051,"date":"2018-05-09T00:00:00","date_gmt":"2018-05-09T06:00:00","guid":{"rendered":"https:\/\/dralvarez.com.mx\/larevista\/blog\/entregan-nombramiento-a-la-subsecretaria-de-vinculacion-y-sectores-estrategicos-de-sedeco-24895"},"modified":"2018-05-09T00:00:00","modified_gmt":"2018-05-09T06:00:00","slug":"entregan-nombramiento-a-la-subsecretaria-de-vinculacion-y-sectores-estrategicos-de-sedeco-24895","status":"publish","type":"post","link":"https:\/\/dralvarez.com.mx\/larevista\/compeche\/entregan-nombramiento-a-la-subsecretaria-de-vinculacion-y-sectores-estrategicos-de-sedeco-24895","title":{"rendered":"Entregan nombramiento a la subsecretaria de Vinculaci\u00f3n y Sectores Estrat\u00e9gicos de SEDECO"},"content":{"rendered":"<p>El titular de la Secretar\u00eda de Desarrollo Econ\u00f3mico (SEDECO), Jos\u00e9 Domingo Berzunza Esp\u00ednola, entreg\u00f3 nombramiento como subsecretaria de Vinculaci\u00f3n y Sectores Estrat\u00e9gicos de la dependencia a Celina Santos Alayola, quien manifest\u00f3 su firme compromiso de fortalecer el trabajo que se realiza a favor del crecimiento econ\u00f3mico del Estado.<\/p>\n","protected":false},"excerpt":{"rendered":"<p>Quien manifest\u00f3 su firme compromiso de fortalecer el trabajo que se realiza a favor del crecimiento econ\u00f3mico del Estado&#8230;<\/p>\n","protected":false},"author":1018,"featured_media":0,"comment_status":"open","ping_status":"open","sticky":false,"template":"","format":"standard","meta":{"tdm_status":"","tdm_grid_status":"","footnotes":""},"categories":[27],"tags":[],"_links":{"self":[{"href":"https:\/\/dralvarez.com.mx\/larevista\/wp-json\/wp\/v2\/posts\/65051"}],"collection":[{"href":"https:\/\/dralvarez.com.mx\/larevista\/wp-json\/wp\/v2\/posts"}],"about":[{"href":"https:\/\/dralvarez.com.mx\/larevista\/wp-json\/wp\/v2\/types\/post"}],"author":[{"embeddable":true,"href":"https:\/\/dralvarez.com.mx\/larevista\/wp-json\/wp\/v2\/users\/1018"}],"replies":[{"embeddable":true,"href":"https:\/\/dralvarez.com.mx\/larevista\/wp-json\/wp\/v2\/comments?post=65051"}],"version-history":[{"count":0,"href":"https:\/\/dralvarez.com.mx\/larevista\/wp-json\/wp\/v2\/posts\/65051\/revisions"}],"wp:attachment":[{"href":"https:\/\/dralvarez.com.mx\/larevista\/wp-json\/wp\/v2\/media?parent=65051"}],"wp:term":[{"taxonomy":"category","embeddable":true,"href":"https:\/\/dralvarez.com.mx\/larevista\/wp-json\/wp\/v2\/categories?post=65051"},{"taxonomy":"post_tag","embeddable":true,"href":"https:\/\/dralvarez.com.mx\/larevista\/wp-json\/wp\/v2\/tags?post=65051"}],"curies":[{"name":"wp","href":"https:\/\/api.w.org\/{rel}","templated":true}]}}