{"id":65038,"date":"2018-05-08T00:00:00","date_gmt":"2018-05-08T06:00:00","guid":{"rendered":"https:\/\/dralvarez.com.mx\/larevista\/blog\/comunidades-rurales-tendran-mayor-inclusion-reafirma-claudio-cetina-gomez-24882"},"modified":"2018-05-08T00:00:00","modified_gmt":"2018-05-08T06:00:00","slug":"comunidades-rurales-tendran-mayor-inclusion-reafirma-claudio-cetina-gomez-24882","status":"publish","type":"post","link":"https:\/\/dralvarez.com.mx\/larevista\/compeche\/comunidades-rurales-tendran-mayor-inclusion-reafirma-claudio-cetina-gomez-24882","title":{"rendered":"Comunidades rurales tendr\u00e1n mayor inclusi\u00f3n, reafirma Claudio Cetina G\u00f3mez"},"content":{"rendered":"<\/p>\n<div>\n<div>\n<p>Comprometido a reactivar las brigadas de orientaci\u00f3n m\u00e9dica en todas las comunidades rurales del municipio de Campeche, Claudio Cetina G\u00f3mez, candidato a la alcald\u00eda de Campeche, visit\u00f3 las poblaciones de San Agust\u00edn Ol\u00e1, Chin\u00e1 y Pich en busca de la confianza ciudadana.<\/p>\n<p>Desde temprana hora el abanderado por la coalici\u00f3n \u201cCampeche para todos\u201d, lleg\u00f3 a San Agust\u00edn Ol\u00e1 donde recorri\u00f3 las calles del ejido y convers\u00f3 con los lugare\u00f1os a quienes reiter\u00f3 que las comunidades rurales ser\u00e1n prioridad en su administraci\u00f3n.<\/p>\n<p>Acompa\u00f1ado de la candidata federal al Senado de la Rep\u00fablica, Roc\u00edo Abreu Arti\u00f1ano y la candidata a diputada local por el distrito VI, Karla Toledo, apunt\u00f3 que con la propuesta \u201cCampeche sano y amigo\u201d, que incluye las brigadas de salud, tambi\u00e9n se trabajar\u00e1 en campa\u00f1as contra las drogas, el alcoholismo, as\u00ed como en la inclusi\u00f3n de las personas con discapacidad, el fomento de la integraci\u00f3n familiar y el impulso a la cultura deportiva.<\/p>\n<p>Por m\u00e1s de tres horas Cetina G\u00f3mez recorri\u00f3 dicha comunidad perteneciente al distrito VI donde las porras de \u201cpilas, pilas, pilas con Claudio\u201d se hicieron presentes entre mujeres vestidas de rojo a quienes el intenso calor no les impidi\u00f3 acompa\u00f1ar al candidato aliancista.<\/p>\n<p>M\u00e1s tarde, en su visita a Chin\u00e1, Cetina G\u00f3mez insisti\u00f3, en que el tema de la seguridad y la industria agroalimentaria igual ser\u00e1n prioridad y a trav\u00e9s de la Zona Econ\u00f3mica Especial, se buscar\u00e1 integrar a los productores rurales a las cadenas de valores para que tambi\u00e9n se vean beneficiados.<\/p>\n<p>\u201cEl municipio de Campeche es el segundo lugar en todo el Estado en producci\u00f3n agr\u00edcola s\u00f3lo por debajo de Hopelch\u00e9n. Cuando se anunci\u00f3 la Zona Econ\u00f3mica Especial era s\u00f3lo para actividad productiva energ\u00e9tica pero cuando vino el presidente, habl\u00f3 de incluir la agroindustria porque estamos viendo cantidad de fruta que necesita tener ese valor agregado\u201d, argument\u00f3 el candidato.<\/p>\n<p>\u201cEl gallo\u201d, agreg\u00f3 que fomentar la agroindustria ayudar\u00e1 a la generaci\u00f3n de empleos y autoempleos que tanto demandan los habitantes de las poblaciones rurales.<\/p>\n<p>Asimismo, dijo que el municipio ser\u00e1 copart\u00edcipe en la educaci\u00f3n de calidad para que m\u00e1s personas de las comunidades cuenten con este beneficio como hasta hoy lo ha realizado la administraci\u00f3n estatal, brind\u00e1ndoles infraestructura, becas y apoyo en transporte gratuito.<\/p>\n<p>Por la tarde, en su d\u00e9cimo d\u00eda de campa\u00f1a pol\u00edtica, continu\u00f3 en la comunidad de Pich donde present\u00f3 sus ocho ejes de gobierno y 10 propuestas con los que desea continuar con el desarrollo de Campeche.&nbsp;&nbsp;<\/p>\n<p>Y ah\u00ed expres\u00f3 su determinaci\u00f3n de que \u201cdonde hay una necesidad habr\u00e1 una soluci\u00f3n, porque estamos dispuestos a trabajar de tiempo completo para darlo todo por Campeche\u201d, concluy\u00f3.<\/p>\n<\/div>\n<\/div>\n","protected":false},"excerpt":{"rendered":"<p>Comprometido a reactivar las brigadas de orientaci\u00f3n m\u00e9dica en todas las comunidades rurales del municipio de Campeche.<\/p>\n","protected":false},"author":1018,"featured_media":0,"comment_status":"open","ping_status":"open","sticky":false,"template":"","format":"standard","meta":{"tdm_status":"","tdm_grid_status":"","footnotes":""},"categories":[27],"tags":[],"_links":{"self":[{"href":"https:\/\/dralvarez.com.mx\/larevista\/wp-json\/wp\/v2\/posts\/65038"}],"collection":[{"href":"https:\/\/dralvarez.com.mx\/larevista\/wp-json\/wp\/v2\/posts"}],"about":[{"href":"https:\/\/dralvarez.com.mx\/larevista\/wp-json\/wp\/v2\/types\/post"}],"author":[{"embeddable":true,"href":"https:\/\/dralvarez.com.mx\/larevista\/wp-json\/wp\/v2\/users\/1018"}],"replies":[{"embeddable":true,"href":"https:\/\/dralvarez.com.mx\/larevista\/wp-json\/wp\/v2\/comments?post=65038"}],"version-history":[{"count":0,"href":"https:\/\/dralvarez.com.mx\/larevista\/wp-json\/wp\/v2\/posts\/65038\/revisions"}],"wp:attachment":[{"href":"https:\/\/dralvarez.com.mx\/larevista\/wp-json\/wp\/v2\/media?parent=65038"}],"wp:term":[{"taxonomy":"category","embeddable":true,"href":"https:\/\/dralvarez.com.mx\/larevista\/wp-json\/wp\/v2\/categories?post=65038"},{"taxonomy":"post_tag","embeddable":true,"href":"https:\/\/dralvarez.com.mx\/larevista\/wp-json\/wp\/v2\/tags?post=65038"}],"curies":[{"name":"wp","href":"https:\/\/api.w.org\/{rel}","templated":true}]}}