{"id":65017,"date":"2018-05-08T00:00:00","date_gmt":"2018-05-08T06:00:00","guid":{"rendered":"https:\/\/dralvarez.com.mx\/larevista\/blog\/llevar-los-beneficios-del-tratado-de-libre-comercio-tlc-a-todas-las-comunidades-de-mexico-24859"},"modified":"2018-05-08T00:00:00","modified_gmt":"2018-05-08T06:00:00","slug":"llevar-los-beneficios-del-tratado-de-libre-comercio-tlc-a-todas-las-comunidades-de-mexico-24859","status":"publish","type":"post","link":"https:\/\/dralvarez.com.mx\/larevista\/compeche\/llevar-los-beneficios-del-tratado-de-libre-comercio-tlc-a-todas-las-comunidades-de-mexico-24859","title":{"rendered":"Llevar los beneficios del Tratado de Libre Comercio (TLC) a todas las comunidades de M\u00e9xico"},"content":{"rendered":"<p>Al destacar que es necesario llevar los beneficios del Tratado de Libre Comercio (TLC) a todas las comunidades de M\u00e9xico a trav\u00e9s de la inclusi\u00f3n de las PyMes en las cadenas globales de valor, la Secretar\u00eda de Desarrollo Econ\u00f3mico (SEDECO) particip\u00f3 en una de las mesas de trabajo con l\u00edderes empresariales desarrolladas en la Cumbre de Gobernadores y Premieres de Norteam\u00e9rica 2018. Como parte de la delegaci\u00f3n de la Conferencia Nacional de Gobernadores (CONAGO), destac\u00f3 la necesidad de crear un ecosistema emprendedor en Norteam\u00e9rica, adem\u00e1s de la conformaci\u00f3n de una agenda conjunta de desarrollo, integraci\u00f3n y cooperaci\u00f3n econ\u00f3mica desde lo local.<\/p>\n","protected":false},"excerpt":{"rendered":"<p>A trav\u00e9s de la inclusi\u00f3n de las PyMes en las cadenas globales de valor&#8230;<\/p>\n","protected":false},"author":1018,"featured_media":0,"comment_status":"open","ping_status":"open","sticky":false,"template":"","format":"standard","meta":{"tdm_status":"","tdm_grid_status":"","footnotes":""},"categories":[27],"tags":[],"_links":{"self":[{"href":"https:\/\/dralvarez.com.mx\/larevista\/wp-json\/wp\/v2\/posts\/65017"}],"collection":[{"href":"https:\/\/dralvarez.com.mx\/larevista\/wp-json\/wp\/v2\/posts"}],"about":[{"href":"https:\/\/dralvarez.com.mx\/larevista\/wp-json\/wp\/v2\/types\/post"}],"author":[{"embeddable":true,"href":"https:\/\/dralvarez.com.mx\/larevista\/wp-json\/wp\/v2\/users\/1018"}],"replies":[{"embeddable":true,"href":"https:\/\/dralvarez.com.mx\/larevista\/wp-json\/wp\/v2\/comments?post=65017"}],"version-history":[{"count":0,"href":"https:\/\/dralvarez.com.mx\/larevista\/wp-json\/wp\/v2\/posts\/65017\/revisions"}],"wp:attachment":[{"href":"https:\/\/dralvarez.com.mx\/larevista\/wp-json\/wp\/v2\/media?parent=65017"}],"wp:term":[{"taxonomy":"category","embeddable":true,"href":"https:\/\/dralvarez.com.mx\/larevista\/wp-json\/wp\/v2\/categories?post=65017"},{"taxonomy":"post_tag","embeddable":true,"href":"https:\/\/dralvarez.com.mx\/larevista\/wp-json\/wp\/v2\/tags?post=65017"}],"curies":[{"name":"wp","href":"https:\/\/api.w.org\/{rel}","templated":true}]}}