{"id":64937,"date":"2018-05-07T00:00:00","date_gmt":"2018-05-07T06:00:00","guid":{"rendered":"https:\/\/dralvarez.com.mx\/larevista\/blog\/yo-no-sueno-con-un-mejor-campeche-yo-trabajo-para-ello-claudio-cetina-gomez-24774"},"modified":"2018-05-07T00:00:00","modified_gmt":"2018-05-07T06:00:00","slug":"yo-no-sueno-con-un-mejor-campeche-yo-trabajo-para-ello-claudio-cetina-gomez-24774","status":"publish","type":"post","link":"https:\/\/dralvarez.com.mx\/larevista\/compeche\/yo-no-sueno-con-un-mejor-campeche-yo-trabajo-para-ello-claudio-cetina-gomez-24774","title":{"rendered":"Yo no sue\u00f1o con un mejor Campeche, yo trabajo para ello: Claudio Cetina G\u00f3mez"},"content":{"rendered":"<\/p>\n<p>El municipio de Campeche ser\u00e1 la capital econ\u00f3mica del Estado\u201d, afirm\u00f3 Claudio Cetina G\u00f3mez, candidato a la alcald\u00eda de Campeche por la coalici\u00f3n \u201cCampeche para todos\u201d, durante la rueda de prensa en la que estuvo respaldado por los dirigentes del Partido Revolucionario Institucional (PRI), Partido Verde Ecologista de M\u00e9xico (PVEM) y Partido Nueva Alianza (PANAL).<\/p>\n<p>&nbsp;Al decirse respetuoso de sus adversarios pol\u00edticos, apunt\u00f3 que lograr\u00e1 sus objetivos trabajando en equipo con el Gobierno Estatal, con la creaci\u00f3n de empleos y fomentando un ambiente de paz y tranquilidad.<\/p>\n<p>&nbsp;Incluido en el primer eje de su plan municipal, \u201cCampeche Capital\u201d, Claudio Cetina G\u00f3mez coment\u00f3 que es fundamental trabajar para consolidar un municipio eficiente, moderno y seguro.<\/p>\n<p>&nbsp;\u201cEstamos haciendo nuestro trabajo, estoy convencido que estamos haciendo el mejor proyecto y las mejores propuestas; yo no sue\u00f1o con un mejor Campeche, yo trabajo todos los d\u00edas por un mejor Campeche\u201d, expuso.<\/p>\n<p>&nbsp;Asimismo, Cetina G\u00f3mez dijo que las comunidades rurales ser\u00e1n incluidas en este trabajo, volteando a ver el campo que es donde se encuentra gran parte del futuro campechano.<\/p>\n<p>&nbsp;En cuanto a la seguridad, subray\u00f3 que hay la propuesta de una \u201cAlianza vecinal por la seguridad\u201d, donde la ciudadan\u00eda en conjunto con las autoridades mantendr\u00e1 estrecha comunicaci\u00f3n.<\/p>\n<p>&nbsp;El tema de un Campeche verde no qued\u00f3 atr\u00e1s y dijo que se trabajar\u00e1 para tener \u00e1rboles en toda la ciudad y en las casas para autoconsumo, as\u00ed como la iniciativa \u201cmenos pl\u00e1stico, m\u00e1s reciclaje\u201d para motivar a todos a seguir cuidando el lugar donde habitan.<\/p>\n<p>Su sexto d\u00eda de proselitismo pol\u00edtico continu\u00f3 en la colonia San Rom\u00e1n, visit\u00f3 el mercadito ejidal donde fue recibido con gran entusiasmo, ah\u00ed expuso su proyecto para la alcald\u00eda y sus ganas de mejorar el municipio.<\/p>\n<p>El recorrido fue por diversas calles, los intensos rayos del sol no fueron impedimento para que el joven candidato saludar\u00e1 a todos los que a su paso se le acercaban.<\/p>\n<p>En la calle Allende las porras se hicieron presente, la confianza y los \u00e1nimos para seguir trabajando por un mejor Campeche fueron las principales muestras de apoyo, mientras el aliancista caminaba con paso firme.<\/p>\n<p>Por la tarde el poblado de Chin\u00e1 fue el lugar de sus recorridos, las calles del poblado se llenaron de pancartas con \u201clos gallos\u201d, Cetina G\u00f3mez fue arropado por todos los pobladores quienes le expresaron su deseo de que los represente y en conjunto, transformar el municipio.<\/p><\/p>\n","protected":false},"excerpt":{"rendered":"<p>El municipio de Campeche ser\u00e1 la capital econ\u00f3mica del Estado.<\/p>\n","protected":false},"author":1018,"featured_media":0,"comment_status":"open","ping_status":"open","sticky":false,"template":"","format":"standard","meta":{"tdm_status":"","tdm_grid_status":"","footnotes":""},"categories":[27],"tags":[],"_links":{"self":[{"href":"https:\/\/dralvarez.com.mx\/larevista\/wp-json\/wp\/v2\/posts\/64937"}],"collection":[{"href":"https:\/\/dralvarez.com.mx\/larevista\/wp-json\/wp\/v2\/posts"}],"about":[{"href":"https:\/\/dralvarez.com.mx\/larevista\/wp-json\/wp\/v2\/types\/post"}],"author":[{"embeddable":true,"href":"https:\/\/dralvarez.com.mx\/larevista\/wp-json\/wp\/v2\/users\/1018"}],"replies":[{"embeddable":true,"href":"https:\/\/dralvarez.com.mx\/larevista\/wp-json\/wp\/v2\/comments?post=64937"}],"version-history":[{"count":0,"href":"https:\/\/dralvarez.com.mx\/larevista\/wp-json\/wp\/v2\/posts\/64937\/revisions"}],"wp:attachment":[{"href":"https:\/\/dralvarez.com.mx\/larevista\/wp-json\/wp\/v2\/media?parent=64937"}],"wp:term":[{"taxonomy":"category","embeddable":true,"href":"https:\/\/dralvarez.com.mx\/larevista\/wp-json\/wp\/v2\/categories?post=64937"},{"taxonomy":"post_tag","embeddable":true,"href":"https:\/\/dralvarez.com.mx\/larevista\/wp-json\/wp\/v2\/tags?post=64937"}],"curies":[{"name":"wp","href":"https:\/\/api.w.org\/{rel}","templated":true}]}}