{"id":64927,"date":"2018-05-04T00:00:00","date_gmt":"2018-05-04T06:00:00","guid":{"rendered":"https:\/\/dralvarez.com.mx\/larevista\/blog\/comida-organizada-por-la-cirt-con-motivo-de-la-59-semana-nacional-de-radio-y-television-24764"},"modified":"2018-05-04T00:00:00","modified_gmt":"2018-05-04T06:00:00","slug":"comida-organizada-por-la-cirt-con-motivo-de-la-59-semana-nacional-de-radio-y-television-24764","status":"publish","type":"post","link":"https:\/\/dralvarez.com.mx\/larevista\/compeche\/comida-organizada-por-la-cirt-con-motivo-de-la-59-semana-nacional-de-radio-y-television-24764","title":{"rendered":"Comida organizada por la CIRT con motivo de la 59 Semana Nacional de Radio y Televisi\u00f3n"},"content":{"rendered":"<p><b>CIUDAD DE M\u00c9XICO-<\/b>. El gobernador Alejandro Moreno C\u00e1rdenas salud\u00f3 e intercambi\u00f3 comentarios con el presidente Enrique Pe\u00f1a Nieto, durante la comida organizada por la CIRT con motivo de la 59 Semana Nacional de Radio y Televisi\u00f3n. El mandatario campechano acudi\u00f3 al evento acompa\u00f1ado del jefe de la Unidad de Comunicaci\u00f3n Social, Walter Olivera Valladares. <\/p>\n<p><\/p>\n","protected":false},"excerpt":{"rendered":"<p>El mandatario campechano acudi\u00f3 al evento acompa\u00f1ado del jefe de la Unidad de Comunicaci\u00f3n Social, Walter Olivera Valladares.<\/p>\n","protected":false},"author":1018,"featured_media":0,"comment_status":"open","ping_status":"open","sticky":false,"template":"","format":"standard","meta":{"tdm_status":"","tdm_grid_status":"","footnotes":""},"categories":[27],"tags":[],"_links":{"self":[{"href":"https:\/\/dralvarez.com.mx\/larevista\/wp-json\/wp\/v2\/posts\/64927"}],"collection":[{"href":"https:\/\/dralvarez.com.mx\/larevista\/wp-json\/wp\/v2\/posts"}],"about":[{"href":"https:\/\/dralvarez.com.mx\/larevista\/wp-json\/wp\/v2\/types\/post"}],"author":[{"embeddable":true,"href":"https:\/\/dralvarez.com.mx\/larevista\/wp-json\/wp\/v2\/users\/1018"}],"replies":[{"embeddable":true,"href":"https:\/\/dralvarez.com.mx\/larevista\/wp-json\/wp\/v2\/comments?post=64927"}],"version-history":[{"count":0,"href":"https:\/\/dralvarez.com.mx\/larevista\/wp-json\/wp\/v2\/posts\/64927\/revisions"}],"wp:attachment":[{"href":"https:\/\/dralvarez.com.mx\/larevista\/wp-json\/wp\/v2\/media?parent=64927"}],"wp:term":[{"taxonomy":"category","embeddable":true,"href":"https:\/\/dralvarez.com.mx\/larevista\/wp-json\/wp\/v2\/categories?post=64927"},{"taxonomy":"post_tag","embeddable":true,"href":"https:\/\/dralvarez.com.mx\/larevista\/wp-json\/wp\/v2\/tags?post=64927"}],"curies":[{"name":"wp","href":"https:\/\/api.w.org\/{rel}","templated":true}]}}