{"id":64878,"date":"2018-05-03T00:00:00","date_gmt":"2018-05-03T06:00:00","guid":{"rendered":"https:\/\/dralvarez.com.mx\/larevista\/blog\/claudio-cetina-gomez-comprometido-con-la-construccion-de-un-nuevo-panteon-municipal-24712"},"modified":"2018-05-03T00:00:00","modified_gmt":"2018-05-03T06:00:00","slug":"claudio-cetina-gomez-comprometido-con-la-construccion-de-un-nuevo-panteon-municipal-24712","status":"publish","type":"post","link":"https:\/\/dralvarez.com.mx\/larevista\/compeche\/claudio-cetina-gomez-comprometido-con-la-construccion-de-un-nuevo-panteon-municipal-24712","title":{"rendered":"Claudio Cetina G\u00f3mez comprometido con la construcci\u00f3n de un nuevo pante\u00f3n municipal"},"content":{"rendered":"<\/p>\n<p>Desde muy temprana hora, Claudio Cetina G\u00f3mez \u201cEl gallo\u201d, candidato de la coalici\u00f3n \u201cCampeche para todos\u201d a la alcald\u00eda de Campeche recorri\u00f3 Lerma donde platic\u00f3 con los pobladores y reafirm\u00f3 que har\u00e1 suya la petici\u00f3n de construir un nuevo pante\u00f3n municipal, una a\u00f1eja demanda de los lerme\u00f1os.<\/p>\n<p>Acompa\u00f1ado por Jorge Chanona Echeverr\u00eda, candidato a diputado federal, declar\u00f3 que con el nuevo pante\u00f3n la poblaci\u00f3n contar\u00e1 con un mejor espacio para visitar a sus seres queridos.<\/p>\n<p>Cerca de cuatro horas recorri\u00f3 calles como Esp\u00edritu Santo, Monte de Piedad, calle 26 por Hombres Ilustres, acompa\u00f1ado por un centenar de simpatizantes quienes vestidos de blanco y portando pancartas con los ya conocidos \u201cgallos\u201d dieron a las calles lermeras el ambiente festivo y de franco respaldo.<\/p>\n<p>Claudio Cetina G\u00f3mez, mencion\u00f3 durante su recorrido por Lerma que su proyecto municipal contempla acciones fundamentales para las comunidades rurales, en aspectos como la red de alumbrado p\u00fablico con l\u00e1mparas de led, que va de la mano con el fortalecimiento de la seguridad p\u00fablica.<\/p>\n<p>Una vez m\u00e1s expres\u00f3 que no promete nada que no puede cumplir y record\u00f3 que con la \u201cAlianza Campeche\u201d que involucra el trabajo en unidad con el Estado y los legisladores federales, el municipio avanzar\u00e1 de manera acelerada y firme hacia la modernidad y el crecimiento econ\u00f3mico.<\/p>\n<p>&nbsp;\u201cEstoy seguro de que esos servicios p\u00fablicos van a mejorar con la \u201cAlianza Campeche\u201d, se est\u00e1 trabajando en equipo como nunca y estamos abiertos como les dije a hacer una administraci\u00f3n incluyente\u201d, apunt\u00f3.<\/p>\n<p>Asimismo, se dijo respetuoso de los cambios en la dirigencia nacional del PRI, en tanto que reafirm\u00f3 que, en la contienda por la Presidencia de la Rep\u00fablica, es claro que Jos\u00e9 Antonio Meade es el \u00fanico candidato con propuestas reales.<\/p>\n<p>Arropado por decenas de familias que le abrieron las puertas de su hogar, invit\u00f3 a todos a seguirlo y conocer su plan de trabajo a trav\u00e9s de su p\u00e1gina de fecebook \u201cClaudio Cetina G\u00f3mez\u201d y en &nbsp;<a target=\"_blank\" rel=\"nofollow noopener\" href=\"http:\/\/www.claudio2018.com\/\">www.claudio2018.com<\/a>.<\/p>\n<p>Por la tarde, el candidato recorri\u00f3 tambi\u00e9n la Avenida Resurgimiento y la colonia Montecristo para convivir con ciudadanos en la procesi\u00f3n de cabeza de cochino a quienes despu\u00e9s les detall\u00f3 su proyecto de municipio moderno y el trabajo en alianza con el Estado y la Federaci\u00f3n.<\/p>\n<p>M\u00e1s tarde viaj\u00f3 a la comunidad de Pich donde escuch\u00f3 propuestas y particip\u00f3 en la procesi\u00f3n de las tres cruces con motivo de la celebraci\u00f3n de \u201cLa Santa Cruz\u201d, Ah\u00ed Cetina G\u00f3mez tuvo la oportunidad de agradecer el respaldo de los lugare\u00f1os y reconoci\u00f3 que Campeche tiene una gran fortaleza en sus poblaciones rurales, por ellos atenderlas y hacerlas avanzar ser\u00e1 prioridad en su administraci\u00f3n.<\/p><\/p>\n","protected":false},"excerpt":{"rendered":"<p>Claudio Cetina G\u00f3mez \u201cEl gallo\u201d, candidato de la coalici\u00f3n \u201cCampeche para todos\u201d a la alcald\u00eda de Campeche.<\/p>\n","protected":false},"author":1018,"featured_media":0,"comment_status":"open","ping_status":"open","sticky":false,"template":"","format":"standard","meta":{"tdm_status":"","tdm_grid_status":"","footnotes":""},"categories":[27],"tags":[],"_links":{"self":[{"href":"https:\/\/dralvarez.com.mx\/larevista\/wp-json\/wp\/v2\/posts\/64878"}],"collection":[{"href":"https:\/\/dralvarez.com.mx\/larevista\/wp-json\/wp\/v2\/posts"}],"about":[{"href":"https:\/\/dralvarez.com.mx\/larevista\/wp-json\/wp\/v2\/types\/post"}],"author":[{"embeddable":true,"href":"https:\/\/dralvarez.com.mx\/larevista\/wp-json\/wp\/v2\/users\/1018"}],"replies":[{"embeddable":true,"href":"https:\/\/dralvarez.com.mx\/larevista\/wp-json\/wp\/v2\/comments?post=64878"}],"version-history":[{"count":0,"href":"https:\/\/dralvarez.com.mx\/larevista\/wp-json\/wp\/v2\/posts\/64878\/revisions"}],"wp:attachment":[{"href":"https:\/\/dralvarez.com.mx\/larevista\/wp-json\/wp\/v2\/media?parent=64878"}],"wp:term":[{"taxonomy":"category","embeddable":true,"href":"https:\/\/dralvarez.com.mx\/larevista\/wp-json\/wp\/v2\/categories?post=64878"},{"taxonomy":"post_tag","embeddable":true,"href":"https:\/\/dralvarez.com.mx\/larevista\/wp-json\/wp\/v2\/tags?post=64878"}],"curies":[{"name":"wp","href":"https:\/\/api.w.org\/{rel}","templated":true}]}}