{"id":64872,"date":"2018-05-03T00:00:00","date_gmt":"2018-05-03T06:00:00","guid":{"rendered":"https:\/\/dralvarez.com.mx\/larevista\/blog\/dan-a-conocer-a-ganadores-del-concurso-de-dibujo-mi-personaje-de-proteccion-civil-24704"},"modified":"2018-05-03T00:00:00","modified_gmt":"2018-05-03T06:00:00","slug":"dan-a-conocer-a-ganadores-del-concurso-de-dibujo-mi-personaje-de-proteccion-civil-24704","status":"publish","type":"post","link":"https:\/\/dralvarez.com.mx\/larevista\/compeche\/dan-a-conocer-a-ganadores-del-concurso-de-dibujo-mi-personaje-de-proteccion-civil-24704","title":{"rendered":"Dan a conocer a ganadores del concurso de dibujo \u201cMi personaje de protecci\u00f3n civil\u201d"},"content":{"rendered":"<p>La Secretar\u00eda de Protecci\u00f3n Civil de Campeche (SEPROCI) da a conocer la lista de los ni\u00f1os y ni\u00f1as que resultaron ganadores del  Concurso de Dibujo Infantil \u201cMi personaje de protecci\u00f3n civil\u201d; el cual se realiz\u00f3 en coordinaci\u00f3n con las Secretar\u00edas de Cultura (SECULT), de Educaci\u00f3n (SEDUC) y de Desarrollo Social y Humano (SEDESYH).<\/p>\n<p>De esta forma, el primer lugar fue para Mar\u00eda Isabel Acosta Sansores, de la escuela \u201cPresidente L\u00e1zaro C\u00e1rdenas\u201d, del municipio de  Hopelch\u00e9n, con su dibujo \u201cMi perro protector\u201d; el segundo lugar lo obtuvo Nashery Nohemy Dom\u00ednguez Cris\u00f3stomo, de la escuela \u201cLic. Carlos Sansores P\u00e9rez\u201d, del municipio de Campeche, con su dibujo \u201cBomberos al rescate\u201d; y en tercer lugar fue Paulina Estefan\u00eda Mendoza Jim\u00e9nez, de la escuela \u201cEulogio Perera Moreno\u201d, del municipio de Campeche.<\/p>\n<p>Asimismo, ante la buena respuesta y calidad de los dibujos, el Comit\u00e9 Organizador decidi\u00f3 incluir  la categor\u00eda Poster, de donde resultaron ganadores Janeth Arely Beltr\u00e1n Miss, de la escuela \u201cPresidente L\u00e1zaro C\u00e1rdenas\u201d, del municipio de Hopelch\u00e9n; Mileydi del Carmen Baeza Moo, de la escuela \u201c21 de Agosto\u201d, del municipio de Champot\u00f3n; y Alba Jaqueline Medina Elvira, de la escuela \u201cPresidente \u00c1vila Camacho\u201d, del municipio de Campeche.&nbsp;<\/p>\n<p>Asimismo,<br \/>\nante la buena respuesta y calidad de los dibujos, el Comit\u00e9 Organizador decidi\u00f3<br \/>\nincluir  la categor\u00eda Poster, de donde<br \/>\nresultaron ganadores Janeth Arely Beltr\u00e1n Miss, de la escuela \u201cPresidente<br \/>\nL\u00e1zaro C\u00e1rdenas\u201d, del municipio de Hopelch\u00e9n; Mileydi del Carmen Baeza Moo, de<br \/>\nla escuela \u201c21 de Agosto\u201d, del municipio de Champot\u00f3n; y Alba Jaqueline Medina<br \/>\nElvira, de la escuela \u201cPresidente \u00c1vila Camacho\u201d, del municipio de Campeche.<\/p><\/p>\n","protected":false},"excerpt":{"rendered":"<p>El cual se realiz\u00f3 en coordinaci\u00f3n con las SECULT, SEDUC y SEDESYH.<\/p>\n","protected":false},"author":1018,"featured_media":0,"comment_status":"open","ping_status":"open","sticky":false,"template":"","format":"standard","meta":{"tdm_status":"","tdm_grid_status":"","footnotes":""},"categories":[27],"tags":[],"_links":{"self":[{"href":"https:\/\/dralvarez.com.mx\/larevista\/wp-json\/wp\/v2\/posts\/64872"}],"collection":[{"href":"https:\/\/dralvarez.com.mx\/larevista\/wp-json\/wp\/v2\/posts"}],"about":[{"href":"https:\/\/dralvarez.com.mx\/larevista\/wp-json\/wp\/v2\/types\/post"}],"author":[{"embeddable":true,"href":"https:\/\/dralvarez.com.mx\/larevista\/wp-json\/wp\/v2\/users\/1018"}],"replies":[{"embeddable":true,"href":"https:\/\/dralvarez.com.mx\/larevista\/wp-json\/wp\/v2\/comments?post=64872"}],"version-history":[{"count":0,"href":"https:\/\/dralvarez.com.mx\/larevista\/wp-json\/wp\/v2\/posts\/64872\/revisions"}],"wp:attachment":[{"href":"https:\/\/dralvarez.com.mx\/larevista\/wp-json\/wp\/v2\/media?parent=64872"}],"wp:term":[{"taxonomy":"category","embeddable":true,"href":"https:\/\/dralvarez.com.mx\/larevista\/wp-json\/wp\/v2\/categories?post=64872"},{"taxonomy":"post_tag","embeddable":true,"href":"https:\/\/dralvarez.com.mx\/larevista\/wp-json\/wp\/v2\/tags?post=64872"}],"curies":[{"name":"wp","href":"https:\/\/api.w.org\/{rel}","templated":true}]}}