{"id":64823,"date":"2018-05-02T00:00:00","date_gmt":"2018-05-02T06:00:00","guid":{"rendered":"https:\/\/dralvarez.com.mx\/larevista\/blog\/campeche-contara-con-el-primer-parque-para-mascotas-reitera-claudio-cetina-gomez-24653"},"modified":"2018-05-02T00:00:00","modified_gmt":"2018-05-02T06:00:00","slug":"campeche-contara-con-el-primer-parque-para-mascotas-reitera-claudio-cetina-gomez-24653","status":"publish","type":"post","link":"https:\/\/dralvarez.com.mx\/larevista\/compeche\/campeche-contara-con-el-primer-parque-para-mascotas-reitera-claudio-cetina-gomez-24653","title":{"rendered":"Campeche contar\u00e1 con el primer parque para mascotas, reitera: Claudio Cetina G\u00f3mez"},"content":{"rendered":"<p>\u201cEl parque para mascotas ser\u00e1 una realidad, convirtiendo a Campeche como el primer municipio que contar\u00e1 con este espacio\u201d, reiter\u00f3 el candidato de la coalici\u00f3n \u201cCampeche para todos\u201d Claudio Cetina G\u00f3mez, durante su recorrido por diversas calles de la colonia Mirador con Ampliaci\u00f3n Josefa Ortiz.<\/p>\n<p>Al ser recibido con gran entusiasmo por los habitantes de la zona, el candidato aliancista apunt\u00f3 que se contin\u00faa trabajando despu\u00e9s de los 100 d\u00edas de intercampa\u00f1a, con el fin de potencializar el desarrollo de Campeche.<\/p>\n<p>En el ambiente de fiesta que se gener\u00f3 en las diversas calles que recorri\u00f3 donde saludo a hombres, mujeres, j\u00f3venes y ni\u00f1os, apunt\u00f3 que, comprometido con la uni\u00f3n familiar, \u201cEl circuito de la bicicleta\u201d tambi\u00e9n ser\u00e1 una realidad para que las familias campechanas convivan y generen una mayor paz en el municipio.<\/p>\n<p>Arropado por simpatizantes de quienes escucho m\u00e1s propuestas, refiri\u00f3 que en lo correspondiente al distrito I la demanda principal son los servicios p\u00fablicos por ello, \u201cvamos a trabajar en el plan de pavimentaci\u00f3n de bacheo con maquinaria de punta para m\u00e1s y mejores resultados\u201d.<\/p>\n<p>En compa\u00f1\u00eda de la candidata a diputada, Laura Elena Pacheco Hern\u00e1ndez, Claudio Cetina G\u00f3mez pidi\u00f3 a los ciudadanos la confianza para este pr\u00f3ximo 1 de julio y continuar trabajando en la \u201cAlianza Campeche\u201d para un mejor Estado.<\/p>\n<p>Asimismo, les expres\u00f3 su compromiso de innovar en los temas empresariales y de comercio, para la generaci\u00f3n de empleos que retribuyan en la calidad de vida de los campechanos.<\/p>\n<p>\u201cHay mucha gente que es responsable de lo que tiene que hacer en los ayuntamientos, necesitamos motivarlos atendi\u00e9ndolos con una sonrisa y una gran actitud, si el presidente municipal tiene una actitud positiva hay que contagiarla\u201d, enfatiz\u00f3.<\/p>\n<p>Al completar su tercer d\u00eda de proselitismo en la colonia Samul\u00e1 , el abanderado del PRI-PVEM-PANAL, se dijo con las pilas bien puesta para hacer un mejor municipio en conjunto con la ciudadan\u00eda.<\/p>\n","protected":false},"excerpt":{"rendered":"<p>Recorri\u00f3 diversas calles de la colonia Mirador con Ampliaci\u00f3n Josefa Ortiz.<\/p>\n","protected":false},"author":1018,"featured_media":0,"comment_status":"open","ping_status":"open","sticky":false,"template":"","format":"standard","meta":{"tdm_status":"","tdm_grid_status":"","footnotes":""},"categories":[27],"tags":[],"_links":{"self":[{"href":"https:\/\/dralvarez.com.mx\/larevista\/wp-json\/wp\/v2\/posts\/64823"}],"collection":[{"href":"https:\/\/dralvarez.com.mx\/larevista\/wp-json\/wp\/v2\/posts"}],"about":[{"href":"https:\/\/dralvarez.com.mx\/larevista\/wp-json\/wp\/v2\/types\/post"}],"author":[{"embeddable":true,"href":"https:\/\/dralvarez.com.mx\/larevista\/wp-json\/wp\/v2\/users\/1018"}],"replies":[{"embeddable":true,"href":"https:\/\/dralvarez.com.mx\/larevista\/wp-json\/wp\/v2\/comments?post=64823"}],"version-history":[{"count":0,"href":"https:\/\/dralvarez.com.mx\/larevista\/wp-json\/wp\/v2\/posts\/64823\/revisions"}],"wp:attachment":[{"href":"https:\/\/dralvarez.com.mx\/larevista\/wp-json\/wp\/v2\/media?parent=64823"}],"wp:term":[{"taxonomy":"category","embeddable":true,"href":"https:\/\/dralvarez.com.mx\/larevista\/wp-json\/wp\/v2\/categories?post=64823"},{"taxonomy":"post_tag","embeddable":true,"href":"https:\/\/dralvarez.com.mx\/larevista\/wp-json\/wp\/v2\/tags?post=64823"}],"curies":[{"name":"wp","href":"https:\/\/api.w.org\/{rel}","templated":true}]}}