{"id":64638,"date":"2018-04-25T00:00:00","date_gmt":"2018-04-25T06:00:00","guid":{"rendered":"https:\/\/dralvarez.com.mx\/larevista\/blog\/acuerdo-para-implementar-programas-que-impulsen-la-industrializacion-de-la-micro-y-pequena-empresa-24460"},"modified":"2018-04-25T00:00:00","modified_gmt":"2018-04-25T06:00:00","slug":"acuerdo-para-implementar-programas-que-impulsen-la-industrializacion-de-la-micro-y-pequena-empresa-24460","status":"publish","type":"post","link":"https:\/\/dralvarez.com.mx\/larevista\/compeche\/acuerdo-para-implementar-programas-que-impulsen-la-industrializacion-de-la-micro-y-pequena-empresa-24460","title":{"rendered":"Acuerdo para implementar programas que impulsen la industrializaci\u00f3n de la micro y peque\u00f1a empresa"},"content":{"rendered":"<p>En el marco de la Feria de Hannover, la Secretar\u00eda de Desarrollo Econ\u00f3mico (SEDECO) se reuni\u00f3 con Luci\u0301a Cartini, coordinadora del Departamento de Tratados, Inversi\u00f3n e Innovaci\u00f3n de la Organizaci\u00f3n de las Naciones Unidas para el Desarrollo Industrial (UNIDO, por sus siglas en ingl\u00e9s), con quien se alcanz\u00f3 un acuerdo para de manera inicial implementar programas que impulsen la industrializaci\u00f3n de la micro y peque\u00f1a empresa. Esta medida ser\u00e1 incluida en los programas de desarrollo contemplados para impulsar la inclusi\u00f3n industrial de las MiPyMEs en el \u00e1rea de influencia de la Zona Econ\u00f3mica Especial (ZEE) de Campeche.<\/p>\n","protected":false},"excerpt":{"rendered":"<p>En el marco de la Feria de Hannover.<\/p>\n","protected":false},"author":1018,"featured_media":0,"comment_status":"open","ping_status":"open","sticky":false,"template":"","format":"standard","meta":{"tdm_status":"","tdm_grid_status":"","footnotes":""},"categories":[27],"tags":[],"_links":{"self":[{"href":"https:\/\/dralvarez.com.mx\/larevista\/wp-json\/wp\/v2\/posts\/64638"}],"collection":[{"href":"https:\/\/dralvarez.com.mx\/larevista\/wp-json\/wp\/v2\/posts"}],"about":[{"href":"https:\/\/dralvarez.com.mx\/larevista\/wp-json\/wp\/v2\/types\/post"}],"author":[{"embeddable":true,"href":"https:\/\/dralvarez.com.mx\/larevista\/wp-json\/wp\/v2\/users\/1018"}],"replies":[{"embeddable":true,"href":"https:\/\/dralvarez.com.mx\/larevista\/wp-json\/wp\/v2\/comments?post=64638"}],"version-history":[{"count":0,"href":"https:\/\/dralvarez.com.mx\/larevista\/wp-json\/wp\/v2\/posts\/64638\/revisions"}],"wp:attachment":[{"href":"https:\/\/dralvarez.com.mx\/larevista\/wp-json\/wp\/v2\/media?parent=64638"}],"wp:term":[{"taxonomy":"category","embeddable":true,"href":"https:\/\/dralvarez.com.mx\/larevista\/wp-json\/wp\/v2\/categories?post=64638"},{"taxonomy":"post_tag","embeddable":true,"href":"https:\/\/dralvarez.com.mx\/larevista\/wp-json\/wp\/v2\/tags?post=64638"}],"curies":[{"name":"wp","href":"https:\/\/api.w.org\/{rel}","templated":true}]}}