{"id":64580,"date":"2018-04-24T00:00:00","date_gmt":"2018-04-24T06:00:00","guid":{"rendered":"https:\/\/dralvarez.com.mx\/larevista\/blog\/campeche-participa-por-primera-vez-en-la-feria-de-hannover-alemania-24397"},"modified":"2018-04-24T00:00:00","modified_gmt":"2018-04-24T06:00:00","slug":"campeche-participa-por-primera-vez-en-la-feria-de-hannover-alemania-24397","status":"publish","type":"post","link":"https:\/\/dralvarez.com.mx\/larevista\/compeche\/campeche-participa-por-primera-vez-en-la-feria-de-hannover-alemania-24397","title":{"rendered":"Campeche participa por primera vez en la Feria de Hannover, Alemania"},"content":{"rendered":"<p>Campeche participa por primera vez en la Feria de Hannover, Alemania, la feria industrial m\u00e1s grande del mundo que se realiza desde 1947, y donde se re\u00fanen m\u00e1s de seis mil expositores, 250 mil visitantes y 5.5 millones de contactos de negocios. La delegaci\u00f3n campechana est\u00e1 integrada por funcionarios y l\u00edderes empresariales, quienes como parte de la estrategia para despetrolizar el Estado presentaron al mundo el potencial como polo para el desarrollo industrial, ahora como Zona Econ\u00f3mica Especial.<\/p>\n","protected":false},"excerpt":{"rendered":"<p>La feria industrial m\u00e1s grande del mundo que se realiza desde 1947<\/p>\n","protected":false},"author":1018,"featured_media":0,"comment_status":"open","ping_status":"open","sticky":false,"template":"","format":"standard","meta":{"tdm_status":"","tdm_grid_status":"","footnotes":""},"categories":[27],"tags":[],"_links":{"self":[{"href":"https:\/\/dralvarez.com.mx\/larevista\/wp-json\/wp\/v2\/posts\/64580"}],"collection":[{"href":"https:\/\/dralvarez.com.mx\/larevista\/wp-json\/wp\/v2\/posts"}],"about":[{"href":"https:\/\/dralvarez.com.mx\/larevista\/wp-json\/wp\/v2\/types\/post"}],"author":[{"embeddable":true,"href":"https:\/\/dralvarez.com.mx\/larevista\/wp-json\/wp\/v2\/users\/1018"}],"replies":[{"embeddable":true,"href":"https:\/\/dralvarez.com.mx\/larevista\/wp-json\/wp\/v2\/comments?post=64580"}],"version-history":[{"count":0,"href":"https:\/\/dralvarez.com.mx\/larevista\/wp-json\/wp\/v2\/posts\/64580\/revisions"}],"wp:attachment":[{"href":"https:\/\/dralvarez.com.mx\/larevista\/wp-json\/wp\/v2\/media?parent=64580"}],"wp:term":[{"taxonomy":"category","embeddable":true,"href":"https:\/\/dralvarez.com.mx\/larevista\/wp-json\/wp\/v2\/categories?post=64580"},{"taxonomy":"post_tag","embeddable":true,"href":"https:\/\/dralvarez.com.mx\/larevista\/wp-json\/wp\/v2\/tags?post=64580"}],"curies":[{"name":"wp","href":"https:\/\/api.w.org\/{rel}","templated":true}]}}