{"id":64471,"date":"2018-04-20T00:00:00","date_gmt":"2018-04-20T06:00:00","guid":{"rendered":"https:\/\/dralvarez.com.mx\/larevista\/blog\/presidente-decreta-la-zona-economica-especial-de-campeche-24284"},"modified":"2018-04-20T00:00:00","modified_gmt":"2018-04-20T06:00:00","slug":"presidente-decreta-la-zona-economica-especial-de-campeche-24284","status":"publish","type":"post","link":"https:\/\/dralvarez.com.mx\/larevista\/compeche\/presidente-decreta-la-zona-economica-especial-de-campeche-24284","title":{"rendered":"Presidente decreta la Zona  Econ\u00f3mica Especial de Campeche"},"content":{"rendered":"<\/p>\n<p>El presidente de la Rep\u00fablica, Enrique<br \/>\nPe\u00f1a Nieto, firm\u00f3 el decreto de declaratoria de la Zona Econ\u00f3mica Especial de<br \/>\nCampeche para abrir a la inversi\u00f3n productiva en las ramas de la industria<br \/>\nqu\u00edmica, pl\u00e1stico-caucho, automotriz, alimentos y sector energ\u00e9tico, una<br \/>\nsuperficie de dos mil 978 hect\u00e1reas en un \u00e1rea de influencia que abarca los<br \/>\nmunicipios de Campeche, Carmen y Champot\u00f3n, y generar en un plazo de 20 a\u00f1os,<br \/>\nuna derrama econ\u00f3mica por cuatro mil millones de d\u00f3lares y m\u00e1s de 51 mil<br \/>\nempleos.&nbsp;<\/p>\n<p>Durante la ceremonia que se llev\u00f3 a cabo<br \/>\nen la plataforma 8 del puerto de Seybaplaya, donde tambi\u00e9n suscribi\u00f3 la<br \/>\ndeclaratoria de la Zona Econ\u00f3mica Especial de Tabasco, el mandatario nacional<br \/>\nanunci\u00f3 que a trav\u00e9s de la banca de desarrollo se abrir\u00e1 una bolsa de<br \/>\nfinanciamiento por 50 mil millones de pesos, para respaldar a las empresas que<br \/>\nquieran invertir en las siete ZEE del pa\u00eds.<\/p>\n<p>Acompa\u00f1ado de los gobernadores de<br \/>\nCampeche, Alejandro Moreno C\u00e1rdenas y de Tabasco, Arturo N\u00fa\u00f1ez Jim\u00e9nez, el<br \/>\npresidente de M\u00e9xico tambi\u00e9n entreg\u00f3 el acueducto de Hobom\u00f3 con una inversi\u00f3n<br \/>\nde 460.9 millones de pesos y la modernizaci\u00f3n del puerto de Seybaplaya, donde<br \/>\nse erogaron 192.4 millones de pesos.<\/p>\n<p>Dio a conocer que antes de que concluya su<br \/>\nadministraci\u00f3n retornar\u00e1 a tierras campechanas para inaugurar el nuevo puente<br \/>\nde La Unidad y la modernizaci\u00f3n del puerto de Isla del Carmen.<\/p>\n<p>Ante funcionarios de los tres \u00f3rdenes de<br \/>\ngobierno, el presidente de la Rep\u00fablica destac\u00f3 que los recursos de<br \/>\nfinanciamiento de la banca de desarrollo permitir\u00e1n que la actividad productiva<br \/>\ny la extracci\u00f3n de hidrocarburos se acelere y con ello, se recupere la<br \/>\nactividad que se ten\u00eda en el pasado.<\/p>\n<p>Puntualiz\u00f3 que tanto la reforma energ\u00e9tica<br \/>\ncomo las zonas econ\u00f3micas especiales detonar\u00e1n de manera importante la<br \/>\nactividad econ\u00f3mica de todas las entidades de la regi\u00f3n del Golfo, pues ya hay<br \/>\ninversiones comprometidas por el orden de los 200 mil millones de d\u00f3lares para<br \/>\nlos siguientes a\u00f1os.<\/p>\n<p>Especific\u00f3 que las ZEE, que representan un<br \/>\ncambio de paradigma y de pol\u00edtica p\u00fablicar relevante, conllevan paquetes de<br \/>\nincentivos fiscales que son ambiciosos, porque pr\u00e1cticamente condonan los<br \/>\nimpuestos sobre la renta por 10 a\u00f1os a las empresas que se instalen en la<br \/>\ndemarcaci\u00f3n.<\/p>\n<p>En tanto, el titular de la Autoridad<br \/>\nFederal para el Desarrollo de las Zonas Econ\u00f3micas Especiales, Gerardo<br \/>\nGuti\u00e9rrez Candiani, destac\u00f3 que con la firma de ambos decretos se concreta al<br \/>\n100 por ciento el compromiso que el presidente de la Rep\u00fablica asumi\u00f3 con los<br \/>\nmexicanos, por lo que ahora se dar\u00e1 inicio a las licitaciones, asignaciones,<br \/>\ninversiones privadas y p\u00fablicas, consejos consultivos estatales y los planes<br \/>\nmaestros para que al t\u00e9rmino del sexenio las ZEE sean una realidad.<\/p>\n<p>Por su parte, el gobernador de Tabasco,<br \/>\nArturo N\u00fa\u00f1ez Jim\u00e9nez, dijo que la Zona Econ\u00f3mica Especial promover\u00e1 el<br \/>\ndesarrollo de un corredor industrial y comercial entre los puertos de Dos Bocas<br \/>\ny de Seybaplaya, con lo que se crear\u00e1 una econom\u00eda s\u00f3lida para beneficiar a los<br \/>\nhabitantes de las comunidades.<\/p>\n<p>Antes, el director general de la Comisi\u00f3n<br \/>\nNacional del Agua, Roberto Ram\u00edrez de la Parra, especific\u00f3 que el acueducto<br \/>\nHobom\u00f3 es una infraestructura que complementa el megadrenaje pluvial de<br \/>\nCampeche y que garantizar\u00e1 un suministro continuo de agua de calidad para los<br \/>\npr\u00f3ximos 30 a\u00f1os. Esta obra consta de 26.1 km de longitud y tiene capacidad de<br \/>\nconducci\u00f3n de hasta mil l\/s, beneficiando a 230 mil habitantes.<\/p>\n<p>Mientras que los trabajos de modernizaci\u00f3n<br \/>\ndel puerto de Seybaplaya contemplaron la construcci\u00f3n de un muelle en espig\u00f3n<br \/>\nde 200 metros de longitud en cada banda de atraque, con un ancho de 250 metros;<br \/>\nla construcci\u00f3n de un puente con un claro de 22 metros de longitud,<br \/>\npavimentaci\u00f3n de 4.13 kil\u00f3metros de viaducto y vialidades, adem\u00e1s de 400 metros<br \/>\nde atraque que garantizar\u00e1n una mejora en las actividades econ\u00f3micas y<br \/>\ntur\u00edsticas.<\/p>\n<p>Por su parte, los presidentes del Consejo<br \/>\nCordinador Empresarial de Carmen y Tabasco, Sergio Ayala Fern\u00e1ndez del Campo y<br \/>\nPablo Ulises Jim\u00e9nez L\u00f3pez, respectivamente, coincidieron en se\u00f1alar que la<br \/>\ndeclaratoria de las Zonas Econ\u00f3micas Especiales representa el mejor camino para<br \/>\nconstruir un futuro pr\u00f3spero, incluyente y sostenible, y es una promesa que el<br \/>\ngobierno federal cumpli\u00f3 con Campeche y Tabasco.<\/p>\n<p>De acuerdo a informaci\u00f3n proporcionada por<br \/>\nel gobierno federal, hasta el momento 13 empresas han mostrado su inter\u00e9s de<br \/>\ninvertir en la ZEE de Campeche, lo que representar\u00eda una inversi\u00f3n de 136.96<br \/>\nmillones de d\u00f3lares y la creaci\u00f3n de 700 nuevos empleos; se contempla que en un<br \/>\nplazo de 20 a\u00f1os, se hayan instalado 39 plantas industriales que generar\u00edan<br \/>\ninversiones por m\u00e1s de cuatro mil millones de d\u00f3lares y m\u00e1s de 51 mil empleos.<\/p>\n<p>Estuvieron presentes, el titular de la<br \/>\nSagarpa, Baltazar Hinojosa Ochoa; el titular de Semarnat, Rafael Pacchiano<br \/>\nAlam\u00e1n; el presidente nacional del Consejo Coordinador Empresarial, Juan Pablo<br \/>\nCasta\u00f1\u00f3n Casta\u00f1\u00f3n; el coordinador general de Puertos y Marina Mercante,<br \/>\nGuillermo Ru\u00edz de Teresa, y el subsecretario de Industria y Comercio de la<br \/>\nSecretar\u00eda de Econom\u00eda, Jos\u00e9 Rogelio Garza Garza.<\/p><\/p>\n","protected":false},"excerpt":{"rendered":"<p>En un \u00e1rea de influencia que abarca los municipios de Campeche, Carmen y Champot\u00f3n.<\/p>\n","protected":false},"author":1018,"featured_media":0,"comment_status":"open","ping_status":"open","sticky":false,"template":"","format":"standard","meta":{"tdm_status":"","tdm_grid_status":"","footnotes":""},"categories":[27],"tags":[],"_links":{"self":[{"href":"https:\/\/dralvarez.com.mx\/larevista\/wp-json\/wp\/v2\/posts\/64471"}],"collection":[{"href":"https:\/\/dralvarez.com.mx\/larevista\/wp-json\/wp\/v2\/posts"}],"about":[{"href":"https:\/\/dralvarez.com.mx\/larevista\/wp-json\/wp\/v2\/types\/post"}],"author":[{"embeddable":true,"href":"https:\/\/dralvarez.com.mx\/larevista\/wp-json\/wp\/v2\/users\/1018"}],"replies":[{"embeddable":true,"href":"https:\/\/dralvarez.com.mx\/larevista\/wp-json\/wp\/v2\/comments?post=64471"}],"version-history":[{"count":0,"href":"https:\/\/dralvarez.com.mx\/larevista\/wp-json\/wp\/v2\/posts\/64471\/revisions"}],"wp:attachment":[{"href":"https:\/\/dralvarez.com.mx\/larevista\/wp-json\/wp\/v2\/media?parent=64471"}],"wp:term":[{"taxonomy":"category","embeddable":true,"href":"https:\/\/dralvarez.com.mx\/larevista\/wp-json\/wp\/v2\/categories?post=64471"},{"taxonomy":"post_tag","embeddable":true,"href":"https:\/\/dralvarez.com.mx\/larevista\/wp-json\/wp\/v2\/tags?post=64471"}],"curies":[{"name":"wp","href":"https:\/\/api.w.org\/{rel}","templated":true}]}}