{"id":64452,"date":"2018-04-20T00:00:00","date_gmt":"2018-04-20T06:00:00","guid":{"rendered":"https:\/\/dralvarez.com.mx\/larevista\/blog\/se-realiza-7ma-etapa-de-campana-nacional-de-implantes-cocleares-un-sonido-que-despierta-la-vida-24264"},"modified":"2018-04-20T00:00:00","modified_gmt":"2018-04-20T06:00:00","slug":"se-realiza-7ma-etapa-de-campana-nacional-de-implantes-cocleares-un-sonido-que-despierta-la-vida-24264","status":"publish","type":"post","link":"https:\/\/dralvarez.com.mx\/larevista\/compeche\/se-realiza-7ma-etapa-de-campana-nacional-de-implantes-cocleares-un-sonido-que-despierta-la-vida-24264","title":{"rendered":"Se realiza 7ma. etapa de campa\u00f1a nacional de implantes cocleares \u201cUn sonido que despierta la vida\u201d"},"content":{"rendered":"<p>El Sistema Estatal para el Desarrollo Integral de la Familia (DIF) realiz\u00f3 el encendido del implante coclear a la ni\u00f1a Victoria Carrillo Medina, del municipio de Champot\u00f3n, la cual forma parte de la s\u00e9ptima etapa de la Campa\u00f1a Nacional de Implante Coclear \u201cUn Sonido que Despierta la Vida\u201d; en evento que se llev\u00f3 a cabo en el  aula 3 del Hospital General de Especialidades \u201cDr. Javier Buenfil Osorio\u201d, y que estuvo a cargo del audi\u00f3logo Mar\u00eda Prieto Escobio.<\/p>\n<p>El implante coclear es una acci\u00f3n coordinada que realiza el Sistema DIF Nacional, que encabeza Ang\u00e9lica Rivero de Pe\u00f1a, con el Sistema DIF Estatal, que preside Christelle Casta\u00f1\u00f3n de Moreno; la Secretar\u00eda de Salud; la Administraci\u00f3n del Patrimonio de la Beneficencia P\u00fablica; el Seguro Popular, a trav\u00e9s del Programa Seguro M\u00e9dico Siglo XXI; y el DIF Hidalgo, donde fue posible la realizaci\u00f3n de esta s\u00e9ptima etapa de la Campa\u00f1a Nacional de Implantes Cocleares.<\/p>\n<p>Cabe mencionar que, con este encendido, 14 ni\u00f1os y ni\u00f1as de diferentes municipios de la Entidad pueden escuchar; esto, de febrero del 2016 al mes de abril de 2018.<\/p>\n<p>El diagn\u00f3stico temprano de estos padecimientos es fundamental para que el implante coclear, junto con la rehabilitaci\u00f3n, sean efectivos en sus primeros a\u00f1os de vida, lo que posibilitar\u00e1 que desarrollen una comunicaci\u00f3n eficiente.<\/p>\n","protected":false},"excerpt":{"rendered":"<p>El DIF Estatal realiz\u00f3 el encendido del implante coclear a la ni\u00f1a Victoria Carrillo Medina, del municipio de Champot\u00f3n.<\/p>\n","protected":false},"author":1018,"featured_media":0,"comment_status":"open","ping_status":"open","sticky":false,"template":"","format":"standard","meta":{"tdm_status":"","tdm_grid_status":"","footnotes":""},"categories":[27],"tags":[],"_links":{"self":[{"href":"https:\/\/dralvarez.com.mx\/larevista\/wp-json\/wp\/v2\/posts\/64452"}],"collection":[{"href":"https:\/\/dralvarez.com.mx\/larevista\/wp-json\/wp\/v2\/posts"}],"about":[{"href":"https:\/\/dralvarez.com.mx\/larevista\/wp-json\/wp\/v2\/types\/post"}],"author":[{"embeddable":true,"href":"https:\/\/dralvarez.com.mx\/larevista\/wp-json\/wp\/v2\/users\/1018"}],"replies":[{"embeddable":true,"href":"https:\/\/dralvarez.com.mx\/larevista\/wp-json\/wp\/v2\/comments?post=64452"}],"version-history":[{"count":0,"href":"https:\/\/dralvarez.com.mx\/larevista\/wp-json\/wp\/v2\/posts\/64452\/revisions"}],"wp:attachment":[{"href":"https:\/\/dralvarez.com.mx\/larevista\/wp-json\/wp\/v2\/media?parent=64452"}],"wp:term":[{"taxonomy":"category","embeddable":true,"href":"https:\/\/dralvarez.com.mx\/larevista\/wp-json\/wp\/v2\/categories?post=64452"},{"taxonomy":"post_tag","embeddable":true,"href":"https:\/\/dralvarez.com.mx\/larevista\/wp-json\/wp\/v2\/tags?post=64452"}],"curies":[{"name":"wp","href":"https:\/\/api.w.org\/{rel}","templated":true}]}}