{"id":64449,"date":"2018-04-20T00:00:00","date_gmt":"2018-04-20T06:00:00","guid":{"rendered":"https:\/\/dralvarez.com.mx\/larevista\/blog\/se-reune-seproci-con-directores-de-proteccion-civil-municipal-ante-temporada-de-lluvias-y-ciclones-tropicales-2018-24261"},"modified":"2018-04-20T00:00:00","modified_gmt":"2018-04-20T06:00:00","slug":"se-reune-seproci-con-directores-de-proteccion-civil-municipal-ante-temporada-de-lluvias-y-ciclones-tropicales-2018-24261","status":"publish","type":"post","link":"https:\/\/dralvarez.com.mx\/larevista\/compeche\/se-reune-seproci-con-directores-de-proteccion-civil-municipal-ante-temporada-de-lluvias-y-ciclones-tropicales-2018-24261","title":{"rendered":"Se re\u00fane SEPROCI con directores de Protecci\u00f3n Civil Municipal ante temporada de lluvias y ciclones tropicales 2018"},"content":{"rendered":"<p>La Secretar\u00eda de Protecci\u00f3n Civil de Campeche (SEPROCI) llev\u00f3 a cabo una reuni\u00f3n de trabajo con titulares de las Direcciones de Protecci\u00f3n Civil Municipal, autoridades de la Secretar\u00eda de Educaci\u00f3n (SEDUC) y el Sistema DIF Estatal para trabajar de manera coordinada ante la proximidad de la temporada de lluvias y ciclones, abordando temas como refugios temporales, zonas vulnerables y plan de acci\u00f3n en caso de contingencia; donde los representantes de cada direcci\u00f3n dieron a conocer las acciones a emprender en sus municipios y acordando las medidas de prevenci\u00f3n necesarias que se estar\u00edan aplicando en pr\u00f3ximas fechas para estar preparados en caso de presentarse alguna contingencia.<\/p>\n<p>Es importante resaltar que posterior a la Reuni\u00f3n Nacional, en pr\u00f3ximas fechas se dar\u00e1 a conocer el pron\u00f3stico para esta temporada a trav\u00e9s de los medios oficiales de comunicaci\u00f3n. Estuvieron presentes el titular de la SEPROCI, Gibr\u00e1n Burad Abud; la directora de Asistencia Alimentaria y Desarrollo Comunitario del DIF, Ruth Ebergenyi V\u00e1zquez; el director de planeaci\u00f3n de DIF, Mario Pav\u00f3n Carrasco; el Subdirector de Fortalecimiento Institucional del DIF, David Machay Contreras; el Jefe de Departamento de la SEDUC, Baltazar Pav\u00f3n L\u00f3pez; as\u00ed como los directores de Protecci\u00f3n Civil de Campeche, Calkin\u00ed, Hecelchak\u00e1n, Carmen, Palizada, Esc\u00e1rcega, Calakmul, Tenabo, Hopelch\u00e9n, Candelaria y Champot\u00f3n.<\/p>\n","protected":false},"excerpt":{"rendered":"<p>En pr\u00f3ximas fechas se dar\u00e1 a conocer el pron\u00f3stico para esta temporada a trav\u00e9s de los medios oficiales de comunicaci\u00f3n.<\/p>\n","protected":false},"author":1018,"featured_media":0,"comment_status":"open","ping_status":"open","sticky":false,"template":"","format":"standard","meta":{"tdm_status":"","tdm_grid_status":"","footnotes":""},"categories":[27],"tags":[],"_links":{"self":[{"href":"https:\/\/dralvarez.com.mx\/larevista\/wp-json\/wp\/v2\/posts\/64449"}],"collection":[{"href":"https:\/\/dralvarez.com.mx\/larevista\/wp-json\/wp\/v2\/posts"}],"about":[{"href":"https:\/\/dralvarez.com.mx\/larevista\/wp-json\/wp\/v2\/types\/post"}],"author":[{"embeddable":true,"href":"https:\/\/dralvarez.com.mx\/larevista\/wp-json\/wp\/v2\/users\/1018"}],"replies":[{"embeddable":true,"href":"https:\/\/dralvarez.com.mx\/larevista\/wp-json\/wp\/v2\/comments?post=64449"}],"version-history":[{"count":0,"href":"https:\/\/dralvarez.com.mx\/larevista\/wp-json\/wp\/v2\/posts\/64449\/revisions"}],"wp:attachment":[{"href":"https:\/\/dralvarez.com.mx\/larevista\/wp-json\/wp\/v2\/media?parent=64449"}],"wp:term":[{"taxonomy":"category","embeddable":true,"href":"https:\/\/dralvarez.com.mx\/larevista\/wp-json\/wp\/v2\/categories?post=64449"},{"taxonomy":"post_tag","embeddable":true,"href":"https:\/\/dralvarez.com.mx\/larevista\/wp-json\/wp\/v2\/tags?post=64449"}],"curies":[{"name":"wp","href":"https:\/\/api.w.org\/{rel}","templated":true}]}}