{"id":64427,"date":"2018-04-20T00:00:00","date_gmt":"2018-04-20T06:00:00","guid":{"rendered":"https:\/\/dralvarez.com.mx\/larevista\/blog\/gobernador-amc-reconoce-dedicacion-de-jovenes-becarios-24237"},"modified":"2018-04-20T00:00:00","modified_gmt":"2018-04-20T06:00:00","slug":"gobernador-amc-reconoce-dedicacion-de-jovenes-becarios-24237","status":"publish","type":"post","link":"https:\/\/dralvarez.com.mx\/larevista\/compeche\/gobernador-amc-reconoce-dedicacion-de-jovenes-becarios-24237","title":{"rendered":"Gobernador AMC reconoce dedicaci\u00f3n de j\u00f3venes becarios"},"content":{"rendered":"<\/p>\n<p>A seguir prepar\u00e1ndose con dedicaci\u00f3n, compromiso y perseverancia<br \/>\npara que sea la generaci\u00f3n que construya \u201cel mejor Campeche de todos los<br \/>\ntiempos\u201d, exhort\u00f3 el gobernador Alejandro Moreno C\u00e1rdenas a j\u00f3venes alumnos de<br \/>\npreparatoria de los 11 municipios, participantes en el Encuentro Estatal de<br \/>\nBecarios del programa B\u00e9calos 2017-2018.<\/p>\n<p>En la cancha techada del plantel 01 del Colegio de Estudios<br \/>\nCient\u00edficos y Tecnol\u00f3gicos del Estado de Campeche (Cecytec), el mandatario<br \/>\nestatal resalt\u00f3 que el pasado no se puede cambiar, pero que lo que s\u00ed se puede<br \/>\nes aprender de \u00e9l para construir un futuro de mayores oportunidades.<\/p>\n<p>Extern\u00f3 su reconocimiento a los alumnos becados del Cobacam,<br \/>\nCecytec, Instituto Campechano, Cetmar, Conalep, UAC, Unacar, DGETI y DGETA, porque<br \/>\nhan demostrado tener constancia, decisi\u00f3n y car\u00e1cter en su formaci\u00f3n acad\u00e9mica,<br \/>\npero tambi\u00e9n claridad en lo que quieren para el futuro.<\/p>\n<p>&nbsp;\u201cNadie  les regal\u00f3 nada, es su m\u00e9rito, dedicaci\u00f3n,<br \/>\nconstancia y trabajo. Me siento muy orgulloso de<br \/>\nlos j\u00f3venes campechanos, no s\u00f3lo por su gran capacidad de aprender y de<br \/>\nprepararse, sino porque tienen la firme voluntad de trabajar en equipo para que<br \/>\nlas oportunidades se ampl\u00eden y fortalezcan\u201d, enfatiz\u00f3.<\/p>\n<p>Antes, el director de la Fundaci\u00f3n Pablo Garc\u00eda, Jorge Esquivel<br \/>\nRu\u00edz, puntualiz\u00f3 que en los \u00faltimos tres a\u00f1os se han entregado 30 mil apoyos y<br \/>\nbecas acad\u00e9micas con una inversi\u00f3n de 200 millones de pesos, y precis\u00f3 que en<br \/>\n20 a\u00f1os que lleva la Fundaci\u00f3n administrando los programas de becas en todo el<br \/>\nestado, se han entregado 130 mil apoyos educativos.<\/p>\n<p>Durante el evento, las alumnas Mar\u00eda Fernanda Zapata Moo, del<br \/>\nInstituto Campechano y con promedio de 9.83; Ivanna Michell P\u00e9rez Dom\u00ednguez, del<br \/>\nConalep, de 9.37; Guadalupe de los \u00c1ngeles Hern\u00e1ndez Rivero, del Cetmar, de 9.0;<br \/>\nDalia Yaini V\u00e1zquez Reyes, del Cecytec, de 9.86, y Cinthia Pacheco Bola\u00f1os, de<br \/>\nla Escuela Preparatoria \u201cNazario Victor Montejo Godoy\u201d, de 9.90, hablaron sobre<br \/>\nlos logros acad\u00e9micos obtenidos y el compromiso que tienen de seguirse<br \/>\npreparando para aportar al desarrollo del estado y pa\u00eds.<\/p><\/p>\n","protected":false},"excerpt":{"rendered":"<p>A seguir prepar\u00e1ndose con dedicaci\u00f3n, compromiso y perseverancia para que sea la generaci\u00f3n que construya \u201cel mejor Campeche de todos los tiempos\u201d.<\/p>\n","protected":false},"author":1018,"featured_media":0,"comment_status":"open","ping_status":"open","sticky":false,"template":"","format":"standard","meta":{"tdm_status":"","tdm_grid_status":"","footnotes":""},"categories":[27],"tags":[],"_links":{"self":[{"href":"https:\/\/dralvarez.com.mx\/larevista\/wp-json\/wp\/v2\/posts\/64427"}],"collection":[{"href":"https:\/\/dralvarez.com.mx\/larevista\/wp-json\/wp\/v2\/posts"}],"about":[{"href":"https:\/\/dralvarez.com.mx\/larevista\/wp-json\/wp\/v2\/types\/post"}],"author":[{"embeddable":true,"href":"https:\/\/dralvarez.com.mx\/larevista\/wp-json\/wp\/v2\/users\/1018"}],"replies":[{"embeddable":true,"href":"https:\/\/dralvarez.com.mx\/larevista\/wp-json\/wp\/v2\/comments?post=64427"}],"version-history":[{"count":0,"href":"https:\/\/dralvarez.com.mx\/larevista\/wp-json\/wp\/v2\/posts\/64427\/revisions"}],"wp:attachment":[{"href":"https:\/\/dralvarez.com.mx\/larevista\/wp-json\/wp\/v2\/media?parent=64427"}],"wp:term":[{"taxonomy":"category","embeddable":true,"href":"https:\/\/dralvarez.com.mx\/larevista\/wp-json\/wp\/v2\/categories?post=64427"},{"taxonomy":"post_tag","embeddable":true,"href":"https:\/\/dralvarez.com.mx\/larevista\/wp-json\/wp\/v2\/tags?post=64427"}],"curies":[{"name":"wp","href":"https:\/\/api.w.org\/{rel}","templated":true}]}}