{"id":64268,"date":"2018-04-16T00:00:00","date_gmt":"2018-04-16T06:00:00","guid":{"rendered":"https:\/\/dralvarez.com.mx\/larevista\/blog\/la-dulcemania-llega-a-candelaria-con-la-mera-mera-24070"},"modified":"2018-04-16T00:00:00","modified_gmt":"2018-04-16T06:00:00","slug":"la-dulcemania-llega-a-candelaria-con-la-mera-mera-24070","status":"publish","type":"post","link":"https:\/\/dralvarez.com.mx\/larevista\/compeche\/la-dulcemania-llega-a-candelaria-con-la-mera-mera-24070","title":{"rendered":"La Dulceman\u00eda llega a Candelaria con la \u201cMera Mera\u201d"},"content":{"rendered":"<\/p>\n<p>La \u201cdulceman\u00eda\u201d lleg\u00f3 a este municipio con la presencia de la candidata a la diputaci\u00f3n federal por el II Distrito Electoral, profesora Dulce Mar\u00eda Cervera, quien tuvo una c\u00e1lida y entusiasta recepci\u00f3n de j\u00f3venes, comerciantes, locatarios del mercado, mujeres, productores y ciudadanos en general, en el primero de dos d\u00edas de actividades proselitistas.<\/p>\n<p>El grito de \u201cbuenos d\u00edas candelerenses, ella es Dulce Cervera, la mera mera\u201d, que al un\u00edsono coreaban decenas de j\u00f3venes del Revolucionario Institucional, Verde Ecologista y Nueva Alianza, rompi\u00f3 la tranquilidad citadina de los habitantes esta cabecera municipal, que literalmente fue invadida por \u201cdulces\u201d de utiler\u00eda.<\/p>\n<p>La abanderada de la Coalici\u00f3n \u201cTodos por M\u00e9xico\u201d, quien pernoct\u00f3 en casa de la familia Santiago Viveros procedente de Sabancuy, inici\u00f3 su d\u00eda con un desayuno; agradeciendo la hospitalidad de su anfitriones del n\u00famero 15 de la calle 13 entre 14 y 16 de la Colonia Centro, quienes auguraron su triunfo electoral.<\/p>\n<p>Posteriormente, se traslad\u00f3 al mercado municipal \u201cJacinto Canek\u201d, ubicado en la calle 15 entre 14 y 16, donde decenas de j\u00f3venes la recibieron con c\u00e1nticos convirtiendo el lugar en una aut\u00e9ntica romer\u00eda. \u201cYuca, camote y sand\u00eda, yo voy con Dulce Mar\u00eda\u201d, \u201cYo si le voy, le voy a dulceman\u00eda\u201d, coreaban los j\u00f3venes tricolores, ecologistas y turquesa.<\/p>\n<p>La energ\u00eda y la actitud de la juventud, contagi\u00f3 a los locatarios y comerciantes que, de buen agrado, recibieron este s\u00e1bado a la aspirante a ocupar una curul en la C\u00e1mara de Diputados. \u201cLe precede su trabajo al frente de la Secretar\u00eda de Pesca y el Instituto de la Mujer, cuente con nosotros, porque necesitamos que sea nuestra voz a nivel nacional\u201d, dijo Marina P\u00e9rez.<\/p>\n<p>En su recorrido, recibi\u00f3 solicitudes de mujeres, j\u00f3venes y emprendedores para obtener cr\u00e9ditos, capacitaci\u00f3n y ampliar sus negocios, incluso la comprometieron par que regrese de manera permanente al municipio, ante el abandono de quien hoy detenta el cargo federal y despu\u00e9s de obtener el voto, no regres\u00f3 a apoyarlos.<\/p>\n<p>En las colonias Independencia, Alejandr\u00eda, Guanajuato y San Mart\u00edn, que recorri\u00f3 en compa\u00f1\u00eda de liderazgos juveniles, las familias le abrieron las puertas de su casa para escuchar sus propuestas y compromisos de campa\u00f1a, sum\u00e1ndose a trabajar juntos por un mejor futuro para Candelaria y sus familias.<\/p>\n<p>\u201cCon su actitud, nuestras ganas de trabajo y nuestra capacidad de gesti\u00f3n, vamos a construir un municipio m\u00e1s activo para aprovechar el potencial natural, pero sobre todo su gente; gente trabajadora con actitud de superaci\u00f3n para hacer del II Distrito Electoral, un distrito m\u00e1s activo y din\u00e1mico\u201d, dijo Cervera Cetina.<\/p>\n<p>Con productores de la comunidad de Monclova, encontr\u00f3 coincidencias en su preocupaci\u00f3n por legislar desde el Congreso de la Uni\u00f3n, para que las reglas de operaci\u00f3n de los programas federales &nbsp;del sector agropecuario, sean m\u00e1s m\u00e1s \u00e1giles y accesibles a ganadores, campesinos, ejidatarios, pescadores, productores de miel y peque\u00f1os propietarios.<\/p>\n<p>Cervera Cetina se reuni\u00f3 con expresidentes, sectores y organizaciones del Revolucionario Institucional, as\u00ed como las estructuras de Nueva Alianza y Verde Ecologista, quienes le refrendaron su apoyo incondicional para ella y la f\u00f3rmula al Senado de la Rep\u00fablica, integrada por Roc\u00edo Abreu Arti\u00f1ano y Christian Castro Bello.<\/p><\/p>\n","protected":false},"excerpt":{"rendered":"<p>La \u201cdulceman\u00eda\u201d lleg\u00f3 a este municipio con la presencia de la candidata a la diputaci\u00f3n federal por el II Distrito Electoral.<\/p>\n","protected":false},"author":1018,"featured_media":0,"comment_status":"open","ping_status":"open","sticky":false,"template":"","format":"standard","meta":{"tdm_status":"","tdm_grid_status":"","footnotes":""},"categories":[27],"tags":[],"_links":{"self":[{"href":"https:\/\/dralvarez.com.mx\/larevista\/wp-json\/wp\/v2\/posts\/64268"}],"collection":[{"href":"https:\/\/dralvarez.com.mx\/larevista\/wp-json\/wp\/v2\/posts"}],"about":[{"href":"https:\/\/dralvarez.com.mx\/larevista\/wp-json\/wp\/v2\/types\/post"}],"author":[{"embeddable":true,"href":"https:\/\/dralvarez.com.mx\/larevista\/wp-json\/wp\/v2\/users\/1018"}],"replies":[{"embeddable":true,"href":"https:\/\/dralvarez.com.mx\/larevista\/wp-json\/wp\/v2\/comments?post=64268"}],"version-history":[{"count":0,"href":"https:\/\/dralvarez.com.mx\/larevista\/wp-json\/wp\/v2\/posts\/64268\/revisions"}],"wp:attachment":[{"href":"https:\/\/dralvarez.com.mx\/larevista\/wp-json\/wp\/v2\/media?parent=64268"}],"wp:term":[{"taxonomy":"category","embeddable":true,"href":"https:\/\/dralvarez.com.mx\/larevista\/wp-json\/wp\/v2\/categories?post=64268"},{"taxonomy":"post_tag","embeddable":true,"href":"https:\/\/dralvarez.com.mx\/larevista\/wp-json\/wp\/v2\/tags?post=64268"}],"curies":[{"name":"wp","href":"https:\/\/api.w.org\/{rel}","templated":true}]}}