{"id":64266,"date":"2018-04-16T00:00:00","date_gmt":"2018-04-16T06:00:00","guid":{"rendered":"https:\/\/dralvarez.com.mx\/larevista\/blog\/castro-bello-se-compromete-con-artesanas-y-campesinos-24068"},"modified":"2018-04-16T00:00:00","modified_gmt":"2018-04-16T06:00:00","slug":"castro-bello-se-compromete-con-artesanas-y-campesinos-24068","status":"publish","type":"post","link":"https:\/\/dralvarez.com.mx\/larevista\/compeche\/castro-bello-se-compromete-con-artesanas-y-campesinos-24068","title":{"rendered":"Castro Bello se compromete con artesanas y campesinos"},"content":{"rendered":"<p>\u201cLos artesanos del Camino Real recibir\u00e1n todo el apoyo desde el Senado de la Rep\u00fablica, para incrementar su producci\u00f3n, promoverla a nivel internacional y aumentar sus ingresos, ya que son un orgullo para todos los campechanos\u201d, asegur\u00f3 Christian Castro Bello, candidato a senador por la alianza \u201cTodos por M\u00e9xico\u201d, durante un encuentro con artesanas y campesinos en Calkin\u00ed.<\/p>\n<p>Antes de concluir sus actividades en este municipio, Castro Bello se reuni\u00f3 con la estructura municipal del PRI, sus sectores y organismos, para convocarlos a trabajar unidos rumbo al 1 de julio y el triunfo electoral de la coalici\u00f3n \u201cTodos por M\u00e9xico\u201d sea inobjetable.<\/p>\n<p>Castro Bello, quien luci\u00f3 un sombrero de jipi que le regalaron, se\u00f1al\u00f3 que el campo campechano tiene que ser \u201cpotencializado\u201d y por ello usar\u00e1 el Senado de la Rep\u00fablica para gestionar mayores recursos para los productores rurales, \u201chombres que han forjado a Campeche y tendr\u00e1n todo mi respaldo, porque el apoyo al agro es inaplazable\u201d.<\/p>\n<p>En la pl\u00e1tica con las mujeres de la Red de Ind\u00edgenas Campesinas con Potencia, que elaboran artesan\u00edas en tela, madera y otros materiales de la regi\u00f3n, Castro Bello dijo que \u201clas artesanas del Camino Real elaboran los productos m\u00e1s bellos con las manos; artesan\u00edas que son admirables y nos dan identidad como campechanos\u201d.<\/p>\n<p>En la reuni\u00f3n tambi\u00e9n estuvieron artesanas de Campeche, Hecelchak\u00e1n, Hopelch\u00e9n, Carmen y Calakmul, as\u00ed como las integrantes de Apicultoras y Agroproductoras del Pet\u00e9n, de Tankuch\u00e9. Ante ellas, Christian Castro se comprometi\u00f3 a que como senador defender\u00e1 con fuerza y car\u00e1cter a Calkin\u00ed, y al resto de los municipios.<\/p>\n<p>El candidato de la Coalici\u00f3n asegur\u00f3 que ser\u00e1 el mejor aliado de los artesanos: \u201cTengan la seguridad de que su amigo Christian Castro no les va a fallar. Tengo un gran compromiso con los artesanos y campesinos de toda la entidad. Vamos a poner a los artesanos campechanos como ejemplo a nivel nacional e internacional\u201d.<\/p>\n<p>Tambi\u00e9n recibi\u00f3 el respaldo de las art\u00edfices de los m\u00e1s afamados sombreros de M\u00e9xico. Las mujeres dijeron al candidato que para ellas ya es su senador.<\/p>\n<p>Frente a la parroquia San Jos\u00e9, campesinos de la regi\u00f3n platicaron con Castro Bello. El aspirante a senador les asegur\u00f3 que con Roc\u00edo Abreu, su compa\u00f1era de f\u00f3rmula y Jorge Chanona, candidato a diputado federal por el primer distrito, el respaldo al campo campechano ser\u00e1 total.<\/p>\n<p>La visita del candidato de la Coalici\u00f3n a la Atenas del Camino Real inici\u00f3 con una caminata desde el barrio San Marcelino, mejor conocido como \u201cGato Negro\u201d, visitando a los calkinienses para escuchar sus propuestas y pedirles su voto para la alianza \u201cTodos por M\u00e9xico\u201d, que encabeza Jos\u00e9 Antonio Meade, candidato a presidente de la Rep\u00fablica.<\/p>\n<p>En las caminatas, que se prolongaron todo el d\u00eda y hasta las Juntas Municipales de Calkin\u00ed, estuvo acompa\u00f1ado de militantes del PRI, PVEM y Nueva Alianza, y por los integrantes de la batucada \u201cPuesta de Sol\u201d. Dialog\u00f3 y escuch\u00f3 a amas de casa, j\u00f3venes y adultos mayores. Conoci\u00f3 aspectos de la econom\u00eda local en voz de peque\u00f1os y medianos comerciantes.&nbsp;<\/p>\n","protected":false},"excerpt":{"rendered":"<p>Christian Castro Bello, candidato a senador por la alianza \u201cTodos por M\u00e9xico\u201d, se reuni\u00f3 con artesanas y campesinos en Calkin\u00ed.<\/p>\n","protected":false},"author":1018,"featured_media":0,"comment_status":"open","ping_status":"open","sticky":false,"template":"","format":"standard","meta":{"tdm_status":"","tdm_grid_status":"","footnotes":""},"categories":[27],"tags":[],"_links":{"self":[{"href":"https:\/\/dralvarez.com.mx\/larevista\/wp-json\/wp\/v2\/posts\/64266"}],"collection":[{"href":"https:\/\/dralvarez.com.mx\/larevista\/wp-json\/wp\/v2\/posts"}],"about":[{"href":"https:\/\/dralvarez.com.mx\/larevista\/wp-json\/wp\/v2\/types\/post"}],"author":[{"embeddable":true,"href":"https:\/\/dralvarez.com.mx\/larevista\/wp-json\/wp\/v2\/users\/1018"}],"replies":[{"embeddable":true,"href":"https:\/\/dralvarez.com.mx\/larevista\/wp-json\/wp\/v2\/comments?post=64266"}],"version-history":[{"count":0,"href":"https:\/\/dralvarez.com.mx\/larevista\/wp-json\/wp\/v2\/posts\/64266\/revisions"}],"wp:attachment":[{"href":"https:\/\/dralvarez.com.mx\/larevista\/wp-json\/wp\/v2\/media?parent=64266"}],"wp:term":[{"taxonomy":"category","embeddable":true,"href":"https:\/\/dralvarez.com.mx\/larevista\/wp-json\/wp\/v2\/categories?post=64266"},{"taxonomy":"post_tag","embeddable":true,"href":"https:\/\/dralvarez.com.mx\/larevista\/wp-json\/wp\/v2\/tags?post=64266"}],"curies":[{"name":"wp","href":"https:\/\/api.w.org\/{rel}","templated":true}]}}