{"id":64265,"date":"2018-04-16T00:00:00","date_gmt":"2018-04-16T06:00:00","guid":{"rendered":"https:\/\/dralvarez.com.mx\/larevista\/blog\/piden-en-minas-mas-programas-sociales-24066"},"modified":"2018-04-16T00:00:00","modified_gmt":"2018-04-16T06:00:00","slug":"piden-en-minas-mas-programas-sociales-24066","status":"publish","type":"post","link":"https:\/\/dralvarez.com.mx\/larevista\/compeche\/piden-en-minas-mas-programas-sociales-24066","title":{"rendered":"Piden en Minas m\u00e1s programas sociales"},"content":{"rendered":"<p>Ayer en el d\u00eda el candidato de la coalici\u00f3n PRI-PVEM-Panal, Jorge Chanona Echeverr\u00eda recorri\u00f3 las calles de la colonia Minas y platic\u00f3 con las familias quienes le pidieron m\u00e1s programas sociales y servicios p\u00fablicos.<\/p>\n<p>El candidato a diputado federal de \u201cTodos por M\u00e9xico\u201d, coment\u00f3 que de llegar al Congreso de la Uni\u00f3n trabajar\u00e1 duro para traer a Campeche m\u00e1s programas que beneficien a todos los sectores de la poblaci\u00f3n.<\/p>\n<p>Las familias se reunieron para saludar al candidato a quien pidieron ser el puente de di\u00e1logo en la C\u00e1mara Alta para atender las necesidades de la gente que no tienen suficientes recursos para mejorar su calidad de vida.<\/p>\n<p>Chanona Echeverr\u00eda invit\u00f3 a la gente acompa\u00f1arlo en su caminata por diversas calles mientras les hablaba de sus proyectos de trabajo, basado en sus experiencias como funcionario donde se ha desempe\u00f1ado en la administraci\u00f3n p\u00fablica y a favor de las familias en pobreza extrema.<\/p>\n<p><\/p>\n","protected":false},"excerpt":{"rendered":"<p>Jorge Chanona se comprometi\u00f3 a trabajar por la gente que menos tiene y por los j\u00f3venes.<\/p>\n","protected":false},"author":1018,"featured_media":0,"comment_status":"open","ping_status":"open","sticky":false,"template":"","format":"standard","meta":{"tdm_status":"","tdm_grid_status":"","footnotes":""},"categories":[27],"tags":[],"_links":{"self":[{"href":"https:\/\/dralvarez.com.mx\/larevista\/wp-json\/wp\/v2\/posts\/64265"}],"collection":[{"href":"https:\/\/dralvarez.com.mx\/larevista\/wp-json\/wp\/v2\/posts"}],"about":[{"href":"https:\/\/dralvarez.com.mx\/larevista\/wp-json\/wp\/v2\/types\/post"}],"author":[{"embeddable":true,"href":"https:\/\/dralvarez.com.mx\/larevista\/wp-json\/wp\/v2\/users\/1018"}],"replies":[{"embeddable":true,"href":"https:\/\/dralvarez.com.mx\/larevista\/wp-json\/wp\/v2\/comments?post=64265"}],"version-history":[{"count":0,"href":"https:\/\/dralvarez.com.mx\/larevista\/wp-json\/wp\/v2\/posts\/64265\/revisions"}],"wp:attachment":[{"href":"https:\/\/dralvarez.com.mx\/larevista\/wp-json\/wp\/v2\/media?parent=64265"}],"wp:term":[{"taxonomy":"category","embeddable":true,"href":"https:\/\/dralvarez.com.mx\/larevista\/wp-json\/wp\/v2\/categories?post=64265"},{"taxonomy":"post_tag","embeddable":true,"href":"https:\/\/dralvarez.com.mx\/larevista\/wp-json\/wp\/v2\/tags?post=64265"}],"curies":[{"name":"wp","href":"https:\/\/api.w.org\/{rel}","templated":true}]}}