{"id":64264,"date":"2018-04-16T00:00:00","date_gmt":"2018-04-16T06:00:00","guid":{"rendered":"https:\/\/dralvarez.com.mx\/larevista\/blog\/reitera-claudio-cetina-su-respeto-a-la-ley-electoral-24065"},"modified":"2018-04-16T00:00:00","modified_gmt":"2018-04-16T06:00:00","slug":"reitera-claudio-cetina-su-respeto-a-la-ley-electoral-24065","status":"publish","type":"post","link":"https:\/\/dralvarez.com.mx\/larevista\/compeche\/reitera-claudio-cetina-su-respeto-a-la-ley-electoral-24065","title":{"rendered":"Reitera Claudio Cetina su respeto a la ley electoral"},"content":{"rendered":"<p>El candidato a la alcald\u00eda de Campeche por la coalici\u00f3n \u201cTodos por Campeche\u201d, Claudio Cetina G\u00f3mez reiter\u00f3 su compromiso de seguir trabajando con los mismos par\u00e1metros de respeto y mantenerse apegado a la ley, sin supuestos adelantos de campa\u00f1a, pues \u201clo \u00fanico que queremos es escuchar a los ciudadanos y sus propuestas\u201d.<\/p>\n<p>Dijo que muestra de ello es el resolutivo del Tribunal Electoral del Estado de Campeche (TEEC) que confirma que no existe violaci\u00f3n a la ley ni presuntos actos anticipados de campa\u00f1a como se le acusa.<\/p>\n<p>En dos semanas iniciar\u00e1n las campa\u00f1as locales y ser\u00e1 hasta entonces cuando presente a los campechanos sus propuestas y proyectos de trabajo. Por el momento solo ha escuchado propuestas de diversos sectores de la poblaci\u00f3n y en base a ello realizar\u00e1 un esquema de trabajo que dar\u00eda a conocer a partir del 29 de abril.<\/p>\n<p>Cuestionado sobre el tema del ambulantaje, el candidato opin\u00f3 que es necesario poner orden y contar con protocolos para que cada comerciante pueda ejercer la venta de sus productos, pues al final lo que se busca es que exista un orden y respeto para todos por igual.<\/p>\n<p>\u201cLo que queremos es orden para el municipio y apoyar el negocio formal. Muchas veces hemos visto que en el mercado la gente paga por su local, paga luz, agua y sus impuestos y ellos mismos platican que hay competencia desleal, pero quienes se encuentran en la informalidad tambi\u00e9n tienen derecho a ganarse el sustento\u201d.<\/p>\n<p>Finalmente explic\u00f3 que si bien Campeche es conocido por ser la tierra del pregonero, tambi\u00e9n es necesario se\u00f1alar que se podr\u00edan marcar rutas y un orden para que quienes trabajan de esta forma, puedan seguir gan\u00e1ndose la vida sin afectar a terceros.<\/p>\n<p><\/p>\n","protected":false},"excerpt":{"rendered":"<p>Claudio Cetina G\u00f3mez, aspirante a la alcald\u00eda por la coalici\u00f3n \u201cCampeche para Todos\u201d.<\/p>\n","protected":false},"author":1018,"featured_media":0,"comment_status":"open","ping_status":"open","sticky":false,"template":"","format":"standard","meta":{"tdm_status":"","tdm_grid_status":"","footnotes":""},"categories":[27],"tags":[],"_links":{"self":[{"href":"https:\/\/dralvarez.com.mx\/larevista\/wp-json\/wp\/v2\/posts\/64264"}],"collection":[{"href":"https:\/\/dralvarez.com.mx\/larevista\/wp-json\/wp\/v2\/posts"}],"about":[{"href":"https:\/\/dralvarez.com.mx\/larevista\/wp-json\/wp\/v2\/types\/post"}],"author":[{"embeddable":true,"href":"https:\/\/dralvarez.com.mx\/larevista\/wp-json\/wp\/v2\/users\/1018"}],"replies":[{"embeddable":true,"href":"https:\/\/dralvarez.com.mx\/larevista\/wp-json\/wp\/v2\/comments?post=64264"}],"version-history":[{"count":0,"href":"https:\/\/dralvarez.com.mx\/larevista\/wp-json\/wp\/v2\/posts\/64264\/revisions"}],"wp:attachment":[{"href":"https:\/\/dralvarez.com.mx\/larevista\/wp-json\/wp\/v2\/media?parent=64264"}],"wp:term":[{"taxonomy":"category","embeddable":true,"href":"https:\/\/dralvarez.com.mx\/larevista\/wp-json\/wp\/v2\/categories?post=64264"},{"taxonomy":"post_tag","embeddable":true,"href":"https:\/\/dralvarez.com.mx\/larevista\/wp-json\/wp\/v2\/tags?post=64264"}],"curies":[{"name":"wp","href":"https:\/\/api.w.org\/{rel}","templated":true}]}}