{"id":64097,"date":"2018-04-11T00:00:00","date_gmt":"2018-04-11T06:00:00","guid":{"rendered":"https:\/\/dralvarez.com.mx\/larevista\/blog\/chanona-comparte-proyecto-de-trabajo-23891"},"modified":"2018-04-11T00:00:00","modified_gmt":"2018-04-11T06:00:00","slug":"chanona-comparte-proyecto-de-trabajo-23891","status":"publish","type":"post","link":"https:\/\/dralvarez.com.mx\/larevista\/compeche\/chanona-comparte-proyecto-de-trabajo-23891","title":{"rendered":"Chanona comparte proyecto de trabajo"},"content":{"rendered":"<p>\u201cLos ciudadanos quieren representantes cercanos a la gente, y yo ser\u00e9 un diputado de contacto y di\u00e1logo permanente con los campechanos\u201d, expres\u00f3 el candidato a la diputaci\u00f3n federal por el primer distrito, Jorge Chanona Echeverr\u00eda.<\/p>\n<p>Durante un recorrido por la avenida \u00c1lvaro Obreg\u00f3n de la ciudad de Campeche, Chanona Echeverr\u00eda salud\u00f3 y estrech\u00f3 la mano de vecinos y comerciantes para compartir su proyecto de trabajo en el Congreso de la Uni\u00f3n, donde legislar\u00e1 a favor de las familias.<\/p>\n<p>Dijo sentirse motivado de estar frente a ciudadanos que quieren ver un mejor Campeche, y agradeci\u00f3 las muestras de apoyo que ha recibido el proyecto que encabeza, aseverando que cuenta con la mejor propuesta para los campechanos y para el desarrollo de la entidad.<\/p>\n<p>Por su parte, los vecinos y locatarios aprovecharon la oportunidad para dialogar con el candidato y expresarle algunas ideas para poder impulsar sus actividades.<\/p>\n<p>M\u00e1s tarde el candidato a diputado federal de la coalici\u00f3n \u201cTodos Por M\u00e9xico\u201d se traslad\u00f3 a la colonia Revoluci\u00f3n, donde fue recibido por los vecinos que se sumaron a su recorrido.<\/p>\n<p>Chanona Echeverr\u00eda se\u00f1al\u00f3 que har\u00e1 una campa\u00f1a de propuestas, basada en estudios y en diagn\u00f3sticos, y en el di\u00e1logo con los ciudadanos, porque es la \u00fanica forma de que se busque la soluci\u00f3n a los problemas.<\/p>\n<p>Asimismo, dijo que \u201csomos una generaci\u00f3n que quiere demostrar que las cosas se pueden hacer bien, que las cosas se est\u00e1n haciendo bien, y que vamos a dar buenas cuentas. Vamos a cumplirle a los campechanos\u201d.<\/p>\n<p><\/p>\n","protected":false},"excerpt":{"rendered":"<p>Los ciudadanos quieren representantes cercanos a la gente.<\/p>\n","protected":false},"author":1018,"featured_media":0,"comment_status":"open","ping_status":"open","sticky":false,"template":"","format":"standard","meta":{"tdm_status":"","tdm_grid_status":"","footnotes":""},"categories":[27],"tags":[],"_links":{"self":[{"href":"https:\/\/dralvarez.com.mx\/larevista\/wp-json\/wp\/v2\/posts\/64097"}],"collection":[{"href":"https:\/\/dralvarez.com.mx\/larevista\/wp-json\/wp\/v2\/posts"}],"about":[{"href":"https:\/\/dralvarez.com.mx\/larevista\/wp-json\/wp\/v2\/types\/post"}],"author":[{"embeddable":true,"href":"https:\/\/dralvarez.com.mx\/larevista\/wp-json\/wp\/v2\/users\/1018"}],"replies":[{"embeddable":true,"href":"https:\/\/dralvarez.com.mx\/larevista\/wp-json\/wp\/v2\/comments?post=64097"}],"version-history":[{"count":0,"href":"https:\/\/dralvarez.com.mx\/larevista\/wp-json\/wp\/v2\/posts\/64097\/revisions"}],"wp:attachment":[{"href":"https:\/\/dralvarez.com.mx\/larevista\/wp-json\/wp\/v2\/media?parent=64097"}],"wp:term":[{"taxonomy":"category","embeddable":true,"href":"https:\/\/dralvarez.com.mx\/larevista\/wp-json\/wp\/v2\/categories?post=64097"},{"taxonomy":"post_tag","embeddable":true,"href":"https:\/\/dralvarez.com.mx\/larevista\/wp-json\/wp\/v2\/tags?post=64097"}],"curies":[{"name":"wp","href":"https:\/\/api.w.org\/{rel}","templated":true}]}}