{"id":64063,"date":"2018-04-10T00:00:00","date_gmt":"2018-04-10T06:00:00","guid":{"rendered":"https:\/\/dralvarez.com.mx\/larevista\/blog\/recibiran-las-fuerzas-armadas-premio-campeche-2018-23857"},"modified":"2018-04-10T00:00:00","modified_gmt":"2018-04-10T06:00:00","slug":"recibiran-las-fuerzas-armadas-premio-campeche-2018-23857","status":"publish","type":"post","link":"https:\/\/dralvarez.com.mx\/larevista\/compeche\/recibiran-las-fuerzas-armadas-premio-campeche-2018-23857","title":{"rendered":"Recibir\u00e1n las fuerzas armadas, Premio Campeche 2018"},"content":{"rendered":"<p>El Comit\u00e9 evaluador para la designaci\u00f3n del Premio Campeche, eligi\u00f3 por unanimidad a las Fuerzas Armadas de M\u00e9xico \u2013Ej\u00e9rcito, Fuerza A\u00e9rea y Armada- como los merecedores de esta importante distinci\u00f3n en su edici\u00f3n 2018. <\/p>\n<p>En sesi\u00f3n presidida por el gobernador Alejandro Moreno C\u00e1rdenas, en su calidad de presidente del Comit\u00e9, los integrantes acordaron entregar la m\u00e1xima presea a las Fuerzas Armadas por incidir en la tranquilidad y certidumbre de las familias, hacer frente a la violencia y el crimen, y anteponer su labor patri\u00f3tica y servicio a favor de los mexicanos. <\/p>\n<p>Durante su mensaje, Moreno C\u00e1rdenas destac\u00f3 que es importante reconocer a las grandes instituciones del pa\u00eds como el Ej\u00e9rcito, la Marina y la Fuerza A\u00e9rea, pues lo integran hombres y mujeres que han aportado su vida a la naci\u00f3n y sirven a la patria.<\/p>\n<p>\u201cEn este gran reto que es cuidar la paz, la armon\u00eda, la tranquilidad, las Fuerzas Armadas han estado presentes, han jugado un papel fundamental en nuestro estado y pa\u00eds en programas como el Plan DN-III, el Plan Marina, el Plan Nacional de Protecci\u00f3n Civil, cumpliendo todos y cada uno de los protocolos internacionales. Siempre, nuestras Fuerzas Armadas han estado apoyando al pueblo y sin duda, son las instituciones que son orgullo para todos y cada uno de los mexicanos\u201d, se\u00f1al\u00f3.<\/p>\n<p>Por su parte, el secretario General de Gobierno, Carlos Miguel Aysa Gonz\u00e1lez, record\u00f3 que el Premio Campeche es la m\u00e1s alta distinci\u00f3n que otorgan unidos el pueblo y los poderes Ejecutivo, Legislativo y Judicial para reconocer a quienes se han distinguido en las ciencias, las artes, la tecnolog\u00eda, la justicia, la cultura, el deporte, en la defensa de los derechos humanos, en el \u00e1mbito empresarial, o cualquier otro valor social o acciones que contribuyan al engrandecimiento del estado.<\/p>\n<p>En la sesi\u00f3n realizada en el Centro Cultural \u201cCasa de los Gobernadores\u201d, detall\u00f3 que las Fuerzas Armadas de M\u00e9xico que est\u00e1n conformadas por la Secretar\u00eda de la Defensa Nacional y la Fuerza A\u00e9rea Mexicana, y por la Secretar\u00eda de Marina Armada de M\u00e9xico, han contribuido a que la naci\u00f3n privilegie el orden y la paz social. <\/p>\n","protected":false},"excerpt":{"rendered":"<p>El Comit\u00e9 evaluador para la designaci\u00f3n del Premio Campeche, eligi\u00f3 por unanimidad a las Fuerzas Armadas de M\u00e9xico.<\/p>\n","protected":false},"author":1018,"featured_media":0,"comment_status":"open","ping_status":"open","sticky":false,"template":"","format":"standard","meta":{"tdm_status":"","tdm_grid_status":"","footnotes":""},"categories":[27],"tags":[],"_links":{"self":[{"href":"https:\/\/dralvarez.com.mx\/larevista\/wp-json\/wp\/v2\/posts\/64063"}],"collection":[{"href":"https:\/\/dralvarez.com.mx\/larevista\/wp-json\/wp\/v2\/posts"}],"about":[{"href":"https:\/\/dralvarez.com.mx\/larevista\/wp-json\/wp\/v2\/types\/post"}],"author":[{"embeddable":true,"href":"https:\/\/dralvarez.com.mx\/larevista\/wp-json\/wp\/v2\/users\/1018"}],"replies":[{"embeddable":true,"href":"https:\/\/dralvarez.com.mx\/larevista\/wp-json\/wp\/v2\/comments?post=64063"}],"version-history":[{"count":0,"href":"https:\/\/dralvarez.com.mx\/larevista\/wp-json\/wp\/v2\/posts\/64063\/revisions"}],"wp:attachment":[{"href":"https:\/\/dralvarez.com.mx\/larevista\/wp-json\/wp\/v2\/media?parent=64063"}],"wp:term":[{"taxonomy":"category","embeddable":true,"href":"https:\/\/dralvarez.com.mx\/larevista\/wp-json\/wp\/v2\/categories?post=64063"},{"taxonomy":"post_tag","embeddable":true,"href":"https:\/\/dralvarez.com.mx\/larevista\/wp-json\/wp\/v2\/tags?post=64063"}],"curies":[{"name":"wp","href":"https:\/\/api.w.org\/{rel}","templated":true}]}}