{"id":64007,"date":"2018-04-07T00:00:00","date_gmt":"2018-04-07T06:00:00","guid":{"rendered":"https:\/\/dralvarez.com.mx\/larevista\/blog\/despega-jose-antonio-meade-en-yucatan-23800"},"modified":"2018-04-07T00:00:00","modified_gmt":"2018-04-07T06:00:00","slug":"despega-jose-antonio-meade-en-yucatan-23800","status":"publish","type":"post","link":"https:\/\/dralvarez.com.mx\/larevista\/yucatan\/despega-jose-antonio-meade-en-yucatan-23800","title":{"rendered":"Despega  Jos\u00e9 Antonio Meade  en Yucat\u00e1n"},"content":{"rendered":"<p><b>Especial \/ La Revista <\/b><\/p>\n<p><b><i><\/i><\/b><\/p>\n<blockquote><p><b><i>Defender\u00e9 con mi vida los intereses de la naci\u00f3n, dijo al iniciar su campa\u00f1a de manera simult\u00e1nea en todas las entidades del pa\u00eds, en diversos eventos en los que participaron m\u00e1s de 60 mil personas.<\/i><\/b><\/p><\/blockquote>\n<\/p>\n<p>Con siete compromisos con la naci\u00f3n, el<br \/>\ncandidato a la Presidencia de la Rep\u00fablica por la coalici\u00f3n Todos por M\u00e9xico,<br \/>\nJos\u00e9 Antonio Meade, arranc\u00f3 su campa\u00f1a electoral en la capital yucateca.<\/p>\n<p>En un acto celebrado en el Centro de<br \/>\nConvenciones Siglo XXI de la capital yucateca, al que asistieron m\u00e1s de 15 mil<br \/>\nmilitantes y simpatizantes de los tres partidos que integran la coalici\u00f3n que<br \/>\nlo postula, Jos\u00e9 Antonio Meade detall\u00f3 las propuestas que acompa\u00f1an a cada uno<br \/>\nde sus compromisos.<\/p>\n<p>Meade explic\u00f3 que su primer compromiso<br \/>\nser\u00e1 con las mujeres e hizo hincapi\u00e9 en que este sector tiene que vivir con<br \/>\nseguridad, sin miedo, sin acosos y sin feminicidios.<\/p>\n<p>Asimismo, el abanderado presidencial dijo<br \/>\nque har\u00e1 justicia a las trabajadoras del hogar y afirm\u00f3 que tendr\u00e1n seguridad<br \/>\nsocial, se har\u00e1n deducibles las cuotas y facilitar\u00e1 los pagos de forma<br \/>\nelectr\u00f3nica para saldar un pendiente hist\u00f3rico con cerca de tres millones de<br \/>\nmujeres.<\/p>\n<p>Como parte de su agenda para impulsar la<br \/>\nequidad de g\u00e9nero e incorporar a este sector a la vida productiva del pa\u00eds,<br \/>\nMeade refrend\u00f3 que dignificar\u00e1 los salarios para que no exista diferencia entre<br \/>\nel hombre y la mujer en la remuneraci\u00f3n. De igual manera, anunci\u00f3 que otorgar\u00e1<br \/>\ncr\u00e9ditos a la palabra para que puedan emprender y gozar de independencia<br \/>\necon\u00f3mica.<\/p>\n<p>El candidato de la coalici\u00f3n Todos por<br \/>\nM\u00e9xico asever\u00f3 que har\u00e1 compatible la vida familiar y laboral con guarder\u00edas de<br \/>\ntiempo completo y educaci\u00f3n preescolar para sus hijos, que incluye horarios<br \/>\nnocturnos. Dio a conocer que crear\u00e1 las casas de d\u00eda para el adulto mayor, y<br \/>\nhacer justicia y procurar la atenci\u00f3n adecuada de este sector, as\u00ed como para<br \/>\nreconocer los esfuerzos que realizan d\u00eda a d\u00eda las mujeres en su cuidado.<\/p>\n<p>Puntualiz\u00f3 que su segundo compromiso ser\u00e1<br \/>\ncon la educaci\u00f3n de excelencia. En este sentido, manifest\u00f3 que su legado para<br \/>\neste rubro ser\u00e1 incrementar cuatro veces m\u00e1s las escuelas de tiempo completo<br \/>\ncon comedor, al pasar de 25 mil a 100 mil.<\/p>\n<p>Destac\u00f3 que las y los maestros mexicanos<br \/>\nson un elemento fundamental para el desarrollo de nuestro pa\u00eds. Por ello,<br \/>\nafirm\u00f3 que reconocer\u00e1 el esfuerzo de los docentes con un aumento real y<br \/>\nsignificativo en su salario base.<\/p>\n<p>El aspirante a la Presidencia de la<br \/>\nRep\u00fablica subray\u00f3 que dar\u00e1 un impulso sin precedente al arte y la cultura para<br \/>\nhacerlas parte de nuestra vida cotidiana y social. Expres\u00f3 que ambas son<br \/>\nnuestra mejor carta de presentaci\u00f3n ante el mundo.<\/p>\n<p>El tercer compromiso del candidato de la<br \/>\ncoalici\u00f3n Todos por M\u00e9xico es con los j\u00f3venes. Asever\u00f3 que implementar\u00e1<br \/>\npol\u00edticas p\u00fablicas para que cuenten con educaci\u00f3n, trabajo o negocio propio.<br \/>\nDetall\u00f3 que habr\u00e1 cobertura universal de preparatoria, garantizar\u00e1 un lugar a<br \/>\ntodos aquellos que quieran acceder a la educaci\u00f3n superior, dar\u00e1 mayor n\u00famero<br \/>\nde becas para estudiar en el extranjero y los apoyar\u00e1 con cr\u00e9ditos accesibles<br \/>\npara que puedan emprender.<\/p>\n<p>Jos\u00e9 Antonio Meade afirm\u00f3 que su cuarto<br \/>\ncompromiso es garantizar el acceso a servicios de salud de calidad. Anunci\u00f3 que<br \/>\ncrear\u00e1 hospitales p\u00fablicos al 100 para las familias de M\u00e9xico, lo que<br \/>\nsignificar\u00e1 equipar totalmente los casi 3 mil hospitales y cl\u00ednicas del pa\u00eds y,<br \/>\npara ello, anunci\u00f3 una inversi\u00f3n de 30 mil millones de pesos.<\/p>\n<p>Del mismo modo, dijo que asegurar\u00e1 el<br \/>\nabasto de medicinas. Explic\u00f3 que, con su gobierno, nuestro pa\u00eds tendr\u00e1 un<br \/>\nsistema de salud que ponga \u00e9nfasis en la prevenci\u00f3n en la que todos podr\u00e1n<br \/>\nelegir el hospital de su conveniencia.<\/p>\n<p>El candidato de la coalici\u00f3n Todos por<br \/>\nM\u00e9xico se\u00f1al\u00f3 que su quinto compromiso ser\u00e1 que ning\u00fan beb\u00e9 nazca en pobreza<br \/>\nextrema y manifest\u00f3 que trabajar\u00e1 para que tengan piso parejo desde su<br \/>\nnacimiento. Detall\u00f3 que alinear\u00e1 la pol\u00edtica social a nivel federal y local<br \/>\npara priorizar la atenci\u00f3n de la primera infancia y afirm\u00f3 que, desde el<br \/>\nnacimiento, se har\u00e1n realidad sus derechos a la salud, a una buena nutrici\u00f3n, a<br \/>\nla educaci\u00f3n y a una casa digna.<\/p>\n<p>Meade anunci\u00f3 que fortalecer\u00e1 el programa<br \/>\nProspera para las personas con alg\u00fan tipo de discapacidad y sus familias<br \/>\nreciban un apoyo, se sientan acompa\u00f1adas, protegidas y arropadas. Asever\u00f3 que<br \/>\nnunca m\u00e1s existir\u00e1n limitantes que permitan su desarrollo.<\/p>\n<p>Jos\u00e9 Antonio Meade subray\u00f3 que su sexto<br \/>\ncompromiso es el combate a la inseguridad, el cual tendr\u00e1 un enfoque integral.<br \/>\nComenzar\u00e1 con alumbrado, servicios de calidad y al menos un parque o espacio<br \/>\nrecreativo en las colonias.<\/p>\n<p>Explic\u00f3 que erradicar\u00e1 este flagelo y sus<br \/>\ncausas, las cuales comienzan con la desigualdad y se profundizan con la<br \/>\nimpunidad. Refrend\u00f3 que su agenda en este tema contempla quitar las armas y el<br \/>\ndinero a los delincuentes. Afirm\u00f3 que acabar\u00e1 con la violencia aplicando la<br \/>\nley, no negoci\u00e1ndola, y exclam\u00f3 que M\u00e9xico tiene que anteponer la paz al<br \/>\nconflicto y consolidar una cultura de respeto a la ley.<\/p>\n<p>Tambi\u00e9n expres\u00f3 que, como presidente,<br \/>\ntrabajar\u00e1 para que las familias de quienes salvaguardan al pa\u00eds, nos protegen y<br \/>\nnos rescatan en desastres naturales, sientan la gratitud, la admiraci\u00f3n y la<br \/>\nlealtad que les tenemos. Adelant\u00f3 que incrementar\u00e1 el sueldo y las prestaciones<br \/>\nde nuestras Fuerzas Armadas.<\/p>\n<p>\u201cSoldados, pilotos, y marinos: ser\u00e1 un<br \/>\nhonor y un orgullo ser su Comandante Supremo. A las familias de M\u00e9xico les<br \/>\ndigo: mi responsabilidad es darles seguridad, justicia y respaldo; de eso, yo<br \/>\nme encargo\u201d, manifest\u00f3.<\/p>\n<p>Su s\u00e9ptimo compromiso es para que cada<br \/>\nmexicano, en lo individual, tenga un apoyo que le permita alcanzar sus metas.<\/p>\n<p><b>Meade<br \/>\npresent\u00f3 el programa Avanzar Contigo<\/b><\/p>\n<p>Se\u00f1al\u00f3 que uno de los ejes rectores de<br \/>\neste mecanismo es que todos tengan acceso pleno y eficiente a sus derechos y<br \/>\nque exista inclusi\u00f3n sin excepci\u00f3n para la poblaci\u00f3n m\u00e1s vulnerable, para los<br \/>\ntrabajadores del campo y las nuestras comunidades ind\u00edgenas. \u201cNo dejaremos a<br \/>\nnadie atr\u00e1s\u201d.<\/p>\n<p>Manifest\u00f3 que con el arranque de esta<br \/>\ncampa\u00f1a iniciar\u00e1 una encuesta a nivel nacional con la que dar\u00e1 sustento a su<br \/>\nprograma. Recopilar\u00e1 las necesidades de cada mexicano y, con base a estas, se<br \/>\nles otorgar\u00e1n apoyos como becas y cr\u00e9ditos.<\/p>\n<p>El arranque de campa\u00f1a se realiz\u00f3 de<br \/>\nmanera simult\u00e1nea en las 32 entidades federativas, congregando a m\u00e1s de 60 mil<br \/>\nmexicanos que apoyan su proyecto de gobierno.<\/p>\n<p>Durante su mensaje, Jos\u00e9 Antonio Meade<br \/>\nse\u00f1al\u00f3 que la elecci\u00f3n del pr\u00f3ximo primero de julio se reduce a s\u00f3lo dos<br \/>\nopciones: avanzar unidos o retroceder. \u201cMi propuesta es ir hacia adelante. Mi<br \/>\npropuesta es sumar. Mi propuesta es construir ese futuro que merecemos\u201d,<br \/>\nsostuvo.<\/p>\n<p>Dijo que para alcanzar las metas<br \/>\nplanteadas, ser honesto, a prueba de todo, es el primer paso. \u201cYo lo soy. Nunca<br \/>\nhe vivido por arriba de mis ingresos, nunca. Pero el ejemplo no basta. Hay que<br \/>\nagregarle leyes e instituciones. Quien no crea en las leyes ni en las<br \/>\ninstituciones no podr\u00e1 acabar nunca con la corrupci\u00f3n\u201d, dijo.<\/p>\n<p>Finalmente, Meade refrend\u00f3 su compromiso<br \/>\nde encabezar un gobierno de gente decente, \u201ccomo lo somos la enorme mayor\u00eda de<br \/>\nlos mexicanos, un gobierno en el que el \u00fanico privilegio, sea ser mexicano\u201d.<\/p><\/p>\n","protected":false},"excerpt":{"rendered":"<p>Defender\u00e9 con mi vida los intereses de la naci\u00f3n, dijo al iniciar su campa\u00f1a de manera simult\u00e1nea en todas las entidades del pa\u00eds, en diversos eventos<\/p>\n","protected":false},"author":1018,"featured_media":0,"comment_status":"open","ping_status":"open","sticky":false,"template":"","format":"standard","meta":{"tdm_status":"","tdm_grid_status":"","footnotes":""},"categories":[21],"tags":[],"_links":{"self":[{"href":"https:\/\/dralvarez.com.mx\/larevista\/wp-json\/wp\/v2\/posts\/64007"}],"collection":[{"href":"https:\/\/dralvarez.com.mx\/larevista\/wp-json\/wp\/v2\/posts"}],"about":[{"href":"https:\/\/dralvarez.com.mx\/larevista\/wp-json\/wp\/v2\/types\/post"}],"author":[{"embeddable":true,"href":"https:\/\/dralvarez.com.mx\/larevista\/wp-json\/wp\/v2\/users\/1018"}],"replies":[{"embeddable":true,"href":"https:\/\/dralvarez.com.mx\/larevista\/wp-json\/wp\/v2\/comments?post=64007"}],"version-history":[{"count":0,"href":"https:\/\/dralvarez.com.mx\/larevista\/wp-json\/wp\/v2\/posts\/64007\/revisions"}],"wp:attachment":[{"href":"https:\/\/dralvarez.com.mx\/larevista\/wp-json\/wp\/v2\/media?parent=64007"}],"wp:term":[{"taxonomy":"category","embeddable":true,"href":"https:\/\/dralvarez.com.mx\/larevista\/wp-json\/wp\/v2\/categories?post=64007"},{"taxonomy":"post_tag","embeddable":true,"href":"https:\/\/dralvarez.com.mx\/larevista\/wp-json\/wp\/v2\/tags?post=64007"}],"curies":[{"name":"wp","href":"https:\/\/api.w.org\/{rel}","templated":true}]}}