{"id":63979,"date":"2018-04-06T00:00:00","date_gmt":"2018-04-06T06:00:00","guid":{"rendered":"https:\/\/dralvarez.com.mx\/larevista\/blog\/despega-jose-antonio-meade-en-yucatan-23772"},"modified":"2018-04-06T00:00:00","modified_gmt":"2018-04-06T06:00:00","slug":"despega-jose-antonio-meade-en-yucatan-23772","status":"publish","type":"post","link":"https:\/\/dralvarez.com.mx\/larevista\/yucatan\/despega-jose-antonio-meade-en-yucatan-23772","title":{"rendered":"Despega Jos\u00e9 Antonio Meade en Yucat\u00e1n"},"content":{"rendered":"<p><\/p>\n<p>Especial \/ La Revista <\/p>\n<p>Con siete compromisos con la naci\u00f3n, el candidato a la Presidencia de la Rep\u00fablica por la coalici\u00f3n Todos por M\u00e9xico, Jos\u00e9 Antonio Meade, arranc\u00f3 su campa\u00f1a electoral en la capital yucateca.<br \/>En un acto celebrado en el Centro de Convenciones Siglo XXI de la capital yucateca, al que asistieron m\u00e1s de 15 mil militantes y simpatizantes de los tres partidos que integran la coalici\u00f3n que lo postula, Jos\u00e9 Antonio Meade detall\u00f3 las propuestas que acompa\u00f1an a cada uno de sus compromisos.<br \/>Meade explic\u00f3 que su primer compromiso ser\u00e1 con las mujeres e hizo hincapi\u00e9 en que este sector tiene que vivir con seguridad, sin miedo, sin acosos y sin feminicidios.<br \/>Asimismo, el abanderado presidencial dijo que har\u00e1 justicia a las trabajadoras del hogar y afirm\u00f3 que tendr\u00e1n seguridad social, se har\u00e1n deducibles las cuotas y facilitar\u00e1 los pagos de forma electr\u00f3nica para saldar un pendiente hist\u00f3rico con cerca de tres millones de mujeres.<br \/>Como parte de su agenda para impulsar la equidad de g\u00e9nero e incorporar a este sector a la vida productiva del pa\u00eds, Meade refrend\u00f3 que dignificar\u00e1 los salarios para que no exista diferencia entre el hombre y la mujer en la remuneraci\u00f3n. De igual manera, anunci\u00f3 que otorgar\u00e1 cr\u00e9ditos a la palabra para que puedan emprender y gozar de independencia econ\u00f3mica.<br \/>El candidato de la coalici\u00f3n Todos por M\u00e9xico asever\u00f3 que har\u00e1 compatible la vida familiar y laboral con guarder\u00edas de tiempo completo y educaci\u00f3n preescolar para sus hijos, que incluye horarios nocturnos. Dio a conocer que crear\u00e1 las casas de d\u00eda para el adulto mayor, y hacer justicia y procurar la atenci\u00f3n adecuada de este sector, as\u00ed como para reconocer los esfuerzos que realizan d\u00eda a d\u00eda las mujeres en su cuidado.<br \/>Puntualiz\u00f3 que su segundo compromiso ser\u00e1 con la educaci\u00f3n de excelencia. En este sentido, manifest\u00f3 que su legado para este rubro ser\u00e1 incrementar cuatro veces m\u00e1s las escuelas de tiempo completo con comedor, al pasar de 25 mil a 100 mil.<br \/>Destac\u00f3 que las y los maestros mexicanos son un elemento fundamental para el desarrollo de nuestro pa\u00eds. Por ello, afirm\u00f3 que reconocer\u00e1 el esfuerzo de los docentes con un aumento real y significativo en su salario base.<br \/>El aspirante a la Presidencia de la Rep\u00fablica subray\u00f3 que dar\u00e1 un impulso sin precedente al arte y la cultura para hacerlas parte de nuestra vida cotidiana y social. Expres\u00f3 que ambas son nuestra mejor carta de presentaci\u00f3n ante el mundo.<br \/>El tercer compromiso del candidato de la coalici\u00f3n Todos por M\u00e9xico es con los j\u00f3venes. Asever\u00f3 que implementar\u00e1 pol\u00edticas p\u00fablicas para que cuenten con educaci\u00f3n, trabajo o negocio propio. Detall\u00f3 que habr\u00e1 cobertura universal de preparatoria, garantizar\u00e1 un lugar a todos aquellos que quieran acceder a la educaci\u00f3n superior, dar\u00e1 mayor n\u00famero de becas para estudiar en el extranjero y los apoyar\u00e1 con cr\u00e9ditos accesibles para que puedan emprender.<br \/>Jos\u00e9 Antonio Meade afirm\u00f3 que su cuarto compromiso es garantizar el acceso a servicios de salud de calidad. Anunci\u00f3 que crear\u00e1 hospitales p\u00fablicos al 100 para las familias de M\u00e9xico, lo que significar\u00e1 equipar totalmente los casi 3 mil hospitales y cl\u00ednicas del pa\u00eds y, para ello, anunci\u00f3 una inversi\u00f3n de 30 mil millones de pesos.<br \/>Del mismo modo, dijo que asegurar\u00e1 el abasto de medicinas. Explic\u00f3 que, con su gobierno, nuestro pa\u00eds tendr\u00e1 un sistema de salud que ponga \u00e9nfasis en la prevenci\u00f3n en la que todos podr\u00e1n elegir el hospital de su conveniencia.<br \/>El candidato de la coalici\u00f3n Todos por M\u00e9xico se\u00f1al\u00f3 que su quinto compromiso ser\u00e1 que ning\u00fan beb\u00e9 nazca en pobreza extrema y manifest\u00f3 que trabajar\u00e1 para que tengan piso parejo desde su nacimiento. Detall\u00f3 que alinear\u00e1 la pol\u00edtica social a nivel federal y local para priorizar la atenci\u00f3n de la primera infancia y afirm\u00f3 que, desde el nacimiento, se har\u00e1n realidad sus derechos a la salud, a una buena nutrici\u00f3n, a la educaci\u00f3n y a una casa digna.<br \/>Meade anunci\u00f3 que fortalecer\u00e1 el programa Prospera para las personas con alg\u00fan tipo de discapacidad y sus familias reciban un apoyo, se sientan acompa\u00f1adas, protegidas y arropadas. Asever\u00f3 que nunca m\u00e1s existir\u00e1n limitantes que permitan su desarrollo.<br \/>Jos\u00e9 Antonio Meade subray\u00f3 que su sexto compromiso es el combate a la inseguridad, el cual tendr\u00e1 un enfoque integral. Comenzar\u00e1 con alumbrado, servicios de calidad y al menos un parque o espacio recreativo en las colonias.<br \/>Explic\u00f3 que erradicar\u00e1 este flagelo y sus causas, las cuales comienzan con la desigualdad y se profundizan con la impunidad. Refrend\u00f3 que su agenda en este tema contempla quitar las armas y el dinero a los delincuentes. Afirm\u00f3 que acabar\u00e1 con la violencia aplicando la ley, no negoci\u00e1ndola, y exclam\u00f3 que M\u00e9xico tiene que anteponer la paz al conflicto y consolidar una cultura de respeto a la ley.<br \/>Tambi\u00e9n expres\u00f3 que, como presidente, trabajar\u00e1 para que las familias de quienes salvaguardan al pa\u00eds, nos protegen y nos rescatan en desastres naturales, sientan la gratitud, la admiraci\u00f3n y la lealtad que les tenemos. Adelant\u00f3 que incrementar\u00e1 el sueldo y las prestaciones de nuestras Fuerzas Armadas.<br \/>\u201cSoldados, pilotos, y marinos: ser\u00e1 un honor y un orgullo ser su Comandante Supremo. A las familias de M\u00e9xico les digo: mi responsabilidad es darles seguridad, justicia y respaldo; de eso, yo me encargo\u201d, manifest\u00f3.<br \/>Su s\u00e9ptimo compromiso es para que cada mexicano, en lo individual, tenga un apoyo que le permita alcanzar sus metas.<br \/>Meade present\u00f3 el programa Avanzar Contigo<br \/>Se\u00f1al\u00f3 que uno de los ejes rectores de este mecanismo es que todos tengan acceso pleno y eficiente a sus derechos y que exista inclusi\u00f3n sin excepci\u00f3n para la poblaci\u00f3n m\u00e1s vulnerable, para los trabajadores del campo y las nuestras comunidades ind\u00edgenas. \u201cNo dejaremos a nadie atr\u00e1s\u201d.<br \/>Manifest\u00f3 que con el arranque de esta campa\u00f1a iniciar\u00e1 una encuesta a nivel nacional con la que dar\u00e1 sustento a su programa. Recopilar\u00e1 las necesidades de cada mexicano y, con base a estas, se les otorgar\u00e1n apoyos como becas y cr\u00e9ditos.<br \/>El arranque de campa\u00f1a se realiz\u00f3 de manera simult\u00e1nea en las 32 entidades federativas, congregando a m\u00e1s de 60 mil mexicanos que apoyan su proyecto de gobierno.<br \/>Durante su mensaje, Jos\u00e9 Antonio Meade se\u00f1al\u00f3 que la elecci\u00f3n del pr\u00f3ximo primero de julio se reduce a s\u00f3lo dos opciones: avanzar unidos o retroceder. \u201cMi propuesta es ir hacia adelante. Mi propuesta es sumar. Mi propuesta es construir ese futuro que merecemos\u201d, sostuvo.<br \/>Dijo que para alcanzar las metas planteadas, ser honesto, a prueba de todo, es el primer paso. \u201cYo lo soy. Nunca he vivido por arriba de mis ingresos, nunca. Pero el ejemplo no basta. Hay que agregarle leyes e instituciones. Quien no crea en las leyes ni en las instituciones no podr\u00e1 acabar nunca con la corrupci\u00f3n\u201d, dijo.<br \/>Finalmente, Meade refrend\u00f3 su compromiso de encabezar un gobierno de gente decente, \u201ccomo lo somos la enorme mayor\u00eda de los mexicanos, un gobierno en el que el \u00fanico privilegio, sea ser mexicano\u201d.<\/p>\n","protected":false},"excerpt":{"rendered":"<p>Defender\u00e9 con mi vida los intereses de la naci\u00f3n, dijo al iniciar su campa\u00f1a de manera simult\u00e1nea en todas las entidades del pa\u00eds, en diversos eventos<\/p>\n","protected":false},"author":1018,"featured_media":0,"comment_status":"open","ping_status":"open","sticky":false,"template":"","format":"standard","meta":{"tdm_status":"","tdm_grid_status":"","footnotes":""},"categories":[21],"tags":[],"_links":{"self":[{"href":"https:\/\/dralvarez.com.mx\/larevista\/wp-json\/wp\/v2\/posts\/63979"}],"collection":[{"href":"https:\/\/dralvarez.com.mx\/larevista\/wp-json\/wp\/v2\/posts"}],"about":[{"href":"https:\/\/dralvarez.com.mx\/larevista\/wp-json\/wp\/v2\/types\/post"}],"author":[{"embeddable":true,"href":"https:\/\/dralvarez.com.mx\/larevista\/wp-json\/wp\/v2\/users\/1018"}],"replies":[{"embeddable":true,"href":"https:\/\/dralvarez.com.mx\/larevista\/wp-json\/wp\/v2\/comments?post=63979"}],"version-history":[{"count":0,"href":"https:\/\/dralvarez.com.mx\/larevista\/wp-json\/wp\/v2\/posts\/63979\/revisions"}],"wp:attachment":[{"href":"https:\/\/dralvarez.com.mx\/larevista\/wp-json\/wp\/v2\/media?parent=63979"}],"wp:term":[{"taxonomy":"category","embeddable":true,"href":"https:\/\/dralvarez.com.mx\/larevista\/wp-json\/wp\/v2\/categories?post=63979"},{"taxonomy":"post_tag","embeddable":true,"href":"https:\/\/dralvarez.com.mx\/larevista\/wp-json\/wp\/v2\/tags?post=63979"}],"curies":[{"name":"wp","href":"https:\/\/api.w.org\/{rel}","templated":true}]}}