{"id":63974,"date":"2018-04-06T00:00:00","date_gmt":"2018-04-06T06:00:00","guid":{"rendered":"https:\/\/dralvarez.com.mx\/larevista\/blog\/respalda-el-pri-a-sus-candidatos-federales-23766"},"modified":"2018-04-06T00:00:00","modified_gmt":"2018-04-06T06:00:00","slug":"respalda-el-pri-a-sus-candidatos-federales-23766","status":"publish","type":"post","link":"https:\/\/dralvarez.com.mx\/larevista\/compeche\/respalda-el-pri-a-sus-candidatos-federales-23766","title":{"rendered":"Respalda el PRI a sus candidatos federales"},"content":{"rendered":"<p>En un ambiente de propuestas y buenos deseos para el Estado iniciaron su campa\u00f1a los candidatos federales de la <strong>coalici\u00f3n \u201cTodos por M\u00e9xico\u201d Jorge Chanona Echeverr\u00eda, Christian Castro Bello<\/strong>&nbsp;y<strong>&nbsp;Roc\u00edo Abreu Arti\u00f1ano<\/strong>.<\/p>\n<p>Entre gritos y aplausos, los abanderados hicieron su arribo a la sede municipal del <strong>Partido Revolucionario Institucional<\/strong>&nbsp;(<strong>PRI<\/strong>), donde aseguraron que la \u00fanica forma de ganar es en unidad.<\/p>\n<p>\u201cHoy <strong>Campeche<\/strong>&nbsp;tiene prisa de crecer por eso estamos haciendo una campa\u00f1a como siempre lo hemos hecho, cercana a la gente porque nuestra labor nos ha llevado a estar en contacto con los ciudadanos y as\u00ed seguiremos\u201d, dijo Castro Bello.<\/p>\n<p>Dijo que llegar\u00e1 al Senado de la Rep\u00fablica para trabajar a favor de los campechanos, buscando que mejoren su calidad de vida y potenciar todo lo bueno que tiene <strong>Campeche<\/strong>.<\/p>\n<p>Por su parte, el candidato a Diputado Federal por el Distrito 01, Jorge Chanona Echeverr\u00eda, se dijo \u201cmuy orgulloso de pertenecer a la familia de guerreros que todos los d\u00edas trabaja por un Campeche mejor\u201d.<\/p>\n<p>\u201cNo cabe duda de que pueden haber buenos candidatos, pero sin la estructura no se puede lograr el triunfo y la \u00fanica forma de ganar es con unidad\u201d, abund\u00f3.<\/p>\n<p>Finalmente, la <strong>candidata al Senado Roc\u00edo Abreu Arti\u00f1ano<\/strong>, se dirigi\u00f3 ante los cientos de militantes que se dieron cita para pedirles su apoyo rumbo a los pr\u00f3ximos comicios.<\/p>\n<p>Se dijo emocionada por el cari\u00f1o de la militancia pero tambi\u00e9n por la confianza que cada uno de los candidatos del <strong>PRI<\/strong>&nbsp;se ha ganado con base a su trabajo.<\/p>\n<p>\u201cMe siento muy fortalecida porque voy con los mejores, que nos cuenten bien, aqu\u00ed vamos a arrasar, porque s\u00e9 que en cada uno de ustedes hay experiencia, hay trabajo, liderazgos, trabajo consolidado, aqu\u00ed estamos los mejores\u201d, finaliz\u00f3.<\/p>\n<p><\/p>\n","protected":false},"excerpt":{"rendered":"<p>En un ambiente de propuestas y buenos deseos para el Estado iniciaron su campa\u00f1a los candidatos federales de la coalici\u00f3n \u201cTodos por M\u00e9xico\u201d.<\/p>\n","protected":false},"author":1018,"featured_media":0,"comment_status":"open","ping_status":"open","sticky":false,"template":"","format":"standard","meta":{"tdm_status":"","tdm_grid_status":"","footnotes":""},"categories":[27],"tags":[],"_links":{"self":[{"href":"https:\/\/dralvarez.com.mx\/larevista\/wp-json\/wp\/v2\/posts\/63974"}],"collection":[{"href":"https:\/\/dralvarez.com.mx\/larevista\/wp-json\/wp\/v2\/posts"}],"about":[{"href":"https:\/\/dralvarez.com.mx\/larevista\/wp-json\/wp\/v2\/types\/post"}],"author":[{"embeddable":true,"href":"https:\/\/dralvarez.com.mx\/larevista\/wp-json\/wp\/v2\/users\/1018"}],"replies":[{"embeddable":true,"href":"https:\/\/dralvarez.com.mx\/larevista\/wp-json\/wp\/v2\/comments?post=63974"}],"version-history":[{"count":0,"href":"https:\/\/dralvarez.com.mx\/larevista\/wp-json\/wp\/v2\/posts\/63974\/revisions"}],"wp:attachment":[{"href":"https:\/\/dralvarez.com.mx\/larevista\/wp-json\/wp\/v2\/media?parent=63974"}],"wp:term":[{"taxonomy":"category","embeddable":true,"href":"https:\/\/dralvarez.com.mx\/larevista\/wp-json\/wp\/v2\/categories?post=63974"},{"taxonomy":"post_tag","embeddable":true,"href":"https:\/\/dralvarez.com.mx\/larevista\/wp-json\/wp\/v2\/tags?post=63974"}],"curies":[{"name":"wp","href":"https:\/\/api.w.org\/{rel}","templated":true}]}}