{"id":63938,"date":"2018-04-05T00:00:00","date_gmt":"2018-04-05T06:00:00","guid":{"rendered":"https:\/\/dralvarez.com.mx\/larevista\/blog\/la-gente-esta-escamada-de-los-politicos-tradicionales-23729"},"modified":"2018-04-05T00:00:00","modified_gmt":"2018-04-05T06:00:00","slug":"la-gente-esta-escamada-de-los-politicos-tradicionales-23729","status":"publish","type":"post","link":"https:\/\/dralvarez.com.mx\/larevista\/compeche\/la-gente-esta-escamada-de-los-politicos-tradicionales-23729","title":{"rendered":"La gente est\u00e1 &#8220;escamada&#8221; de los pol\u00edticos tradicionales"},"content":{"rendered":"<p>25 a\u00f1os de amistad con el gobernador Alejandro Moreno C\u00e1rdenas no fueron franquicia impositiva para que Claudio Cetina G\u00f3mez fuera ungido candidato de la coalici\u00f3n Juntos por Campeche a la alcald\u00eda de Campeche, sobre todo cuando de por medio hay una preparaci\u00f3n en el \u00e1mbito profesional tanto en el sector empresarial como en la administraci\u00f3n p\u00fablica.<\/p>\n<p>Estamos en el interior de una cafeter\u00eda situada en el malec\u00f3n de Campeche. \u00c9l se abre de capa para platicarle a La Jornada Maya lo m\u00e1s importante de su vida:<\/p>\n<p>A sus 38 a\u00f1os de edad, siempre ha estado rodeado de trabajo, de un legado familiar marcado por la cultura empresarial, pero tambi\u00e9n de imborrables recuerdos que lo han marcado y del que prefiere mejor guardar silencio hasta llegado su momento.<\/p>\n<p><strong>Familia, deporte y proyecciones<\/strong><\/p>\n<p>Est\u00e1 convencido de que la familia es la columna vertebral del \u00e9xito, por eso a lado de su esposa Katy y de sus tres hijos; Claudio, Diego y Katy, en los escasos momentos de ocio busca darles calidad antes que cantidad de tiempo.<\/p>\n<p>Refiere de plano que, aunque empresario, cargarle la mano a la gente con el pago de m\u00e1s impuestos es un grave error, por lo que mejor sugiere ser autoridad en alianza con el gobierno del estado.<\/p>\n<p>Su pasi\u00f3n: el basquetbol. Tambi\u00e9n practica futbol soccer y el tenis. Su \u00eddolo es Michael Jordan y los Pumas, respectivamente; el libro que marc\u00f3 su vida se titula Qui\u00e9n se llev\u00f3 mi queso, de Spencer Johnson.<\/p>\n<p>En opini\u00f3n del Gallo Claudio, los pol\u00edticos tradicionales y de anta\u00f1o no est\u00e1n acostumbrados a escuchar y, en consecuencia, la gente ya est\u00e1 escamada de ellos. Por eso es necesario abrirse, sincerarse y hablar con la verdad, refiere el joven pol\u00edtico.<\/p>\n<p>Claudio Cetina es ingeniero industrial, adem\u00e1s de contar con una maestr\u00eda en gesti\u00f3n. Cuenta que desde muy chavo lo llevaban a trabajar en los negocios de la familia, pero estaba consciente de que no iban a ser hereditarios, al menos para \u00e9l.<\/p>\n<p>Su paso por el Instituto Mendoza le abri\u00f3 pr\u00e1cticamente las puertas del \u00e9xito con calificaciones que iban del 8.5 para arriba, y su pasi\u00f3n por el basquetbol lo llev\u00f3 a participar en varios torneos nacionales; adem\u00e1s de ello suele correr de 8 a 10 kil\u00f3metros de manera muy constante, \u201caunque hoy la intercampa\u00f1a me lo impide\u201d, justifica, al tiempo que da el \u00fanico sorbo a su refresco de amaranto.<\/p>\n<p><strong>Los amigos, siempre a su lado<\/strong><\/p>\n<p>A los 8 a\u00f1os de edad se hizo amigo de Ernesto Castillo Rosado, actual dirigente estatal del PRI, y cinco a\u00f1os despu\u00e9s de Alejandro Moreno C\u00e1rdenas, quien reiteradamente le dec\u00eda que alg\u00fan d\u00eda llegar\u00eda a ser gobernador de Campeche \u201cy por eso me pidi\u00f3 prepararme\u201d,<\/p>\n<p>Adem\u00e1s de la amistad compart\u00edan los tiempos libres jugando basquetbol con el primero y futbol con el segundo, quien tambi\u00e9n es un pumista declarado, adem\u00e1s de buen jugador.<\/p>\n<p>Independientemente de ello los tres incursionaron en el sector popular del PRI (CNOP), en diferentes frentes, en lo particular a Claudio le toco atender el sector empresarial de los j\u00f3venes.<\/p>\n<p>Su militancia pri\u00edsta data de 10 a\u00f1os a la fecha, pero su trabajo como empresario desde muy joven: \u201cDesde muy peque\u00f1o, cuando viv\u00eda en el centro en la calle 10, me llevaban mi mam\u00e1 y mi pap\u00e1 a trabajar a tienda de mi abuelo Leovigildo Biluch, durante las vacaciones, en navidad y d\u00eda de reyes, escog\u00eda los juguetes. \u201cDespu\u00e9s me daba oportunidad de venderlos\u201d, recuerda con agrado.<\/p>\n<p><strong>El empresario<\/strong><\/p>\n<p>El tiempo inexorable lo lleva crear su primer negocio: una tienda de telefon\u00eda celular y accesorios, que era la innovaci\u00f3n en Campeche, por lo que le fue muy bien y luego decidi\u00f3 abrir una segunda.<\/p>\n<p>Ya encarrilado, tambi\u00e9n adquiri\u00f3 una franquicia de una reconocida marca de pel\u00edculas de videos de alquiler y despu\u00e9s, a lado de su madre do\u00f1a Carmelita y de sus t\u00edas, incursion\u00f3 en el negocio inmobiliario. Es precisamente en ese entonces cuando comenz\u00f3 a involucrarse con ayuntamientos y la administraci\u00f3n p\u00fablica estatal.<\/p>\n<p>No conforme, como ingeniero industrial, cre\u00f3 su constructora, dedicada a la venta de casas y fraccionamientos a trav\u00e9s del Infonavit y ya m\u00e1s recientemente incursion\u00f3 desde cero en la industria sin chimeneas.<\/p>\n<p>A sus poco m\u00e1s de 30 a\u00f1os, Claudio Cetina G\u00f3mez ya hab\u00eda incursionado en cuatro ramas industriales importantes: el sector comercial, el inmobiliario, el de la construcci\u00f3n y el hotelero.<\/p>\n<p>Pese a su intensa actividad como joven empresario no pierde de vista a sus mejores amistades, entre ellas la de Moreno C\u00e1rdenas, quien no se cansaba de reiterarle que iba a ser gobernador de Campeche y por ello le insist\u00eda en que se preparara para cuando llegara el momento.<\/p>\n<p>Fue el mismo Moreno C\u00e1rdenas quien le propuso concursar por la titularidad de una delegaci\u00f3n a nivel nacional, la cual gan\u00f3 despu\u00e9s de un examen de oposici\u00f3n. As\u00ed result\u00f3 nombrado titular de Promexico en el estado de Campeche, lugar desde donde se impulsaban inversiones y productos tanto locales como extranjeros.<\/p>\n<p>\u201cTrajimos sin problemas tres empresas extranjeras a Carmen, abrimos oficinas de ellas en Houston con la exportaci\u00f3n de productos locales como productos del mar, lo cual sigue vigente, hacia Los Angeles, Florida y Europa\u201d<\/p>\n<p>Y no hay tiempo que no llegue y plazo que no se cumpla. Alejandro Moreno fue destapado candidato del PRI a la gubernatura del estado e inici\u00f3 una nueva aventura en campa\u00f1a, recorriendo toda la geograf\u00eda estatal.<\/p>\n<p>\u201cAlito gan\u00f3 las elecciones y, haciendo honor a su promesa, me integra al equipo de transici\u00f3n en la parte administrativa, y de ah\u00ed me invita a trabajar como jefe de la Oficina del Gobernador, con un perfil eminentemente federalista, con la finalidad de bajar el mayor n\u00famero de recursos para programas sociales\u201d, recuerda.<\/p>\n<p><strong>Propuestas de Claudio<\/strong><\/p>\n<p>De esta forma, prosigue Claudio Cetina, luego de dos a\u00f1os y medio en ese cargo, se realiz\u00f3 el Consejo Municipal del PRI, de donde sali\u00f3 electo candidato a presidente municipal, luego de una ardua labor de convencimiento a los delegados.<\/p>\n<p>\u201cLos tiempos pol\u00edticos han marcado la pauta a seguir y hoy durante la intercampa\u00f1a me he dedicado a platicar abiertamente con la gente, a conocerla y sobre todo a escuchar sus peticiones principales que se sustentan en tres necesidades b\u00e1sicas: mejores servicios p\u00fablicos, generaci\u00f3n de empleos y mayor seguridad\u201d.<\/p>\n<p>Est\u00e1 convencido de que es fundamental apoyar desde la comuna el desarrollo de las micro empresas, que actualmente son generadoras de m\u00e1s fuentes de empleo y por eso les ofrece servicios express, en todos los tramites que hagan.<\/p>\n<p>De esta forma, sostiene, al crearse m\u00e1s empresas y con la implementaci\u00f3n de nuevas tecnolog\u00edas, se generan m\u00e1s fuentes de empleos, mejores remuneraciones econ\u00f3micas para los trabajadores y ,como consecuencia, m\u00e1s pagos de impuestos.<\/p>\n<p>Anticipa que para ganarse el voto popular centrar\u00e1 su campa\u00f1a en verdades que pueda cumplir y mantendr\u00e1 contacto directo con la gente para escuchar sus demandas y necesidades.<\/p>\n<p>\u201cRealizaremos una campa\u00f1a totalmente diferente, alegre, caminando las calles, avenidas, fraccionamientos, unidades habitacionales y comunidades rurales, en franco contacto directo con la gente\u201d.<\/p>\n<p>Subraya que frente a sus principales adversarios, y muy conocidos tambi\u00e9n, como Eliseo Fern\u00e1ndez Montufar, del PAN, y Alexandro Brown Gantus, del PRD, privilegiar\u00e1 sobre todo el respeto y la prudencia, y aunque les dese\u00f3 el mejor de los \u00e9xitos, Claudio anticipa que el gallo cantar\u00e1 fuerte con voz de triunfo este primero de julio.<\/p>\n<p><\/p>\n<p>Con informaci\u00f3n de&nbsp;<\/p>\n<p><b><i>Hubert Carrera Pal\u00ed<\/i><\/b> y <b><i>La Jornada Maya<\/i><\/b>:&nbsp;<a target=\"_blank\" rel=\"nofollow noopener\" href=\"https:\/\/www.lajornadamaya.mx\/2018-04-05\/La-gente-esta--escamada--de-los-politicos-tradicionales\">https:\/\/www.lajornadamaya.mx\/2018-04-05\/La-gente-esta&#8211;escamada&#8211;de-los-politicos-tradicionales<\/a><\/p>\n","protected":false},"excerpt":{"rendered":"<p>Entrevista con Claudio Cetina, candidato del PRI a la alcald\u00eda de Campeche.<\/p>\n","protected":false},"author":1018,"featured_media":0,"comment_status":"open","ping_status":"open","sticky":false,"template":"","format":"standard","meta":{"tdm_status":"","tdm_grid_status":"","footnotes":""},"categories":[27],"tags":[],"_links":{"self":[{"href":"https:\/\/dralvarez.com.mx\/larevista\/wp-json\/wp\/v2\/posts\/63938"}],"collection":[{"href":"https:\/\/dralvarez.com.mx\/larevista\/wp-json\/wp\/v2\/posts"}],"about":[{"href":"https:\/\/dralvarez.com.mx\/larevista\/wp-json\/wp\/v2\/types\/post"}],"author":[{"embeddable":true,"href":"https:\/\/dralvarez.com.mx\/larevista\/wp-json\/wp\/v2\/users\/1018"}],"replies":[{"embeddable":true,"href":"https:\/\/dralvarez.com.mx\/larevista\/wp-json\/wp\/v2\/comments?post=63938"}],"version-history":[{"count":0,"href":"https:\/\/dralvarez.com.mx\/larevista\/wp-json\/wp\/v2\/posts\/63938\/revisions"}],"wp:attachment":[{"href":"https:\/\/dralvarez.com.mx\/larevista\/wp-json\/wp\/v2\/media?parent=63938"}],"wp:term":[{"taxonomy":"category","embeddable":true,"href":"https:\/\/dralvarez.com.mx\/larevista\/wp-json\/wp\/v2\/categories?post=63938"},{"taxonomy":"post_tag","embeddable":true,"href":"https:\/\/dralvarez.com.mx\/larevista\/wp-json\/wp\/v2\/tags?post=63938"}],"curies":[{"name":"wp","href":"https:\/\/api.w.org\/{rel}","templated":true}]}}