{"id":63898,"date":"2018-04-04T00:00:00","date_gmt":"2018-04-04T06:00:00","guid":{"rendered":"https:\/\/dralvarez.com.mx\/larevista\/blog\/vamos-a-construir-juntos-mas-oportunidades-para-yucatan-sahui-23688"},"modified":"2018-04-04T00:00:00","modified_gmt":"2018-04-04T06:00:00","slug":"vamos-a-construir-juntos-mas-oportunidades-para-yucatan-sahui-23688","status":"publish","type":"post","link":"https:\/\/dralvarez.com.mx\/larevista\/yucatan\/vamos-a-construir-juntos-mas-oportunidades-para-yucatan-sahui-23688","title":{"rendered":"Vamos a construir juntos m\u00e1s oportunidades para Yucat\u00e1n: Sahu\u00ed"},"content":{"rendered":"<p><b><i><\/i><\/b><\/p>\n<blockquote><p><b><i>Mauricio Sahu\u00ed se re\u00fane con la militancia de Um\u00e1n.<\/i><\/b><\/p><\/blockquote>\n<p><b>Um\u00e1n, Yucat\u00e1n, 4 de abril de 2018.<\/b>&#8211; Vamos a asegurar que a Yucat\u00e1n le siga yendo bien, porque tenemos la experiencia, sabemos la ruta y amamos a nuestra tierra, se\u00f1al\u00f3 el candidato del PRI, PVEM y Panal a la gubernatura del estado, Mauricio Sahu\u00ed Rivero.<\/p>\n<\/p>\n<p>En encuentro con estructura del partido tricolor de Um\u00e1n, el ex secretario de Desarrollo Social estatal reconoci\u00f3 la labor cercana y permanente que realiza la militancia, misma que hace fuerte a la instituci\u00f3n y que crea v\u00ednculo entre los habitantes de las comunidades.<\/p>\n<p>\u201cUstedes como primer contacto con la ciudadan\u00eda, escuchan a los vecinos y son nuestros gu\u00edas. Son quienes mejor saben qu\u00e9 es lo que estamos haciendo bien y saben que juntos podemos hacerlo a\u00fan mejor, y eso es lo que hay que divulgar en cada hogar que visitemos durante la campa\u00f1a\u201d, indic\u00f3.<\/p>\n<p>Acompa\u00f1ado de los candidatos a la diputaci\u00f3n por el VIII distrito local, &nbsp;Enrique Castillo Ruz; a la senadur\u00eda de la Rep\u00fablica, Ver\u00f3nica Camino Farjat, y a la alcald\u00eda de Um\u00e1n, Patricia Nah Maga\u00f1a, Sahu\u00ed Rivero destac\u00f3 que hay que mirar hacia el futuro con optimismo porque el proyecto Yucat\u00e1n Primero ser\u00e1 el triunfador.<\/p>\n<p>\u201cCreo en Yucat\u00e1n y creo en ustedes, en su gente. Vamos con todo, hacia adelante y vamos a ganar. Para que a M\u00e9rida y al interior del estado le vaya muy bien, vamos a construir juntos nuestras oportunidades, vamos a aprovechar estos meses para decirles a todos con alegr\u00eda que queremos servirles y servirles bien\u201d, subray\u00f3.<\/p><\/p>\n","protected":false},"excerpt":{"rendered":"<p>Mauricio Sahu\u00ed se re\u00fane con la militancia de Um\u00e1n.<\/p>\n","protected":false},"author":1018,"featured_media":0,"comment_status":"open","ping_status":"open","sticky":false,"template":"","format":"standard","meta":{"tdm_status":"","tdm_grid_status":"","footnotes":""},"categories":[21],"tags":[],"_links":{"self":[{"href":"https:\/\/dralvarez.com.mx\/larevista\/wp-json\/wp\/v2\/posts\/63898"}],"collection":[{"href":"https:\/\/dralvarez.com.mx\/larevista\/wp-json\/wp\/v2\/posts"}],"about":[{"href":"https:\/\/dralvarez.com.mx\/larevista\/wp-json\/wp\/v2\/types\/post"}],"author":[{"embeddable":true,"href":"https:\/\/dralvarez.com.mx\/larevista\/wp-json\/wp\/v2\/users\/1018"}],"replies":[{"embeddable":true,"href":"https:\/\/dralvarez.com.mx\/larevista\/wp-json\/wp\/v2\/comments?post=63898"}],"version-history":[{"count":0,"href":"https:\/\/dralvarez.com.mx\/larevista\/wp-json\/wp\/v2\/posts\/63898\/revisions"}],"wp:attachment":[{"href":"https:\/\/dralvarez.com.mx\/larevista\/wp-json\/wp\/v2\/media?parent=63898"}],"wp:term":[{"taxonomy":"category","embeddable":true,"href":"https:\/\/dralvarez.com.mx\/larevista\/wp-json\/wp\/v2\/categories?post=63898"},{"taxonomy":"post_tag","embeddable":true,"href":"https:\/\/dralvarez.com.mx\/larevista\/wp-json\/wp\/v2\/tags?post=63898"}],"curies":[{"name":"wp","href":"https:\/\/api.w.org\/{rel}","templated":true}]}}