{"id":63863,"date":"2018-04-04T00:00:00","date_gmt":"2018-04-04T06:00:00","guid":{"rendered":"https:\/\/dralvarez.com.mx\/larevista\/blog\/inicia-jorge-chanona-su-campana-a-la-diputacion-23651"},"modified":"2018-04-04T00:00:00","modified_gmt":"2018-04-04T06:00:00","slug":"inicia-jorge-chanona-su-campana-a-la-diputacion-23651","status":"publish","type":"post","link":"https:\/\/dralvarez.com.mx\/larevista\/compeche\/inicia-jorge-chanona-su-campana-a-la-diputacion-23651","title":{"rendered":"Inicia Jorge Chanona su campa\u00f1a a la diputaci\u00f3n"},"content":{"rendered":"<p>Con un recorrido por la calle \u201cEugenio Echeverr\u00eda Castellot\u201d, de la colonia Emiliano Zapata, inici\u00f3 su campa\u00f1a el candidato a Diputado Federal de la coalici\u00f3n \u201cTodos Por M\u00e9xico\u201d integrado por el PRI-PVEM- Panal, Jorge Chanona Echeverr\u00eda.<\/p>\n<p>Acompa\u00f1ado de su esposa Jimena Torre de Chanona, asegur\u00f3 que es un hombre de resultados, respetuoso y de propuestas, \u201ca m\u00ed me ense\u00f1aron a ganarme lo que me corresponde, he querido construir mi propia trayectoria, llevo 10 a\u00f1os trabajado en el Gobierno, pasando por el Congreso del Estado, el DIF Estatal, e INCA Rural. Estuve a cargo de la Secretar\u00eda de Desarrollo Social y Humano con el gobernador Alejandro Moreno\u201d.<\/p>\n<p>Record\u00f3 las palabras de su abuelo: \u201cLa \u00fanica forma de transformar al gobierno es con la humildad de escuchar y el compromiso de trabajar con car\u00e1cter para asumir y tomar las decisiones\u201d.<\/p>\n<p>Asegur\u00f3 que continuar\u00e1 trabajando tal y como lo ha hecho el gobierno de Moreno C\u00e1rdenas, escuchando y cumpli\u00e9ndole a los ciudadanos.<br \/>\u201cNuestra obligaci\u00f3n es escuchar y nuestra misi\u00f3n es cumplir, y es as\u00ed como voy casa por casa escuchando a los ciudadanos\u201d, expres\u00f3.<\/p>\n<p>Dijo que desde la C\u00e1mara de Diputados respaldar\u00e1 la propuesta que propone el candidato a la presidencia, Jos\u00e9 Antonio Meade Kuribre\u00f1a, de ser un gobierno federal sin fuero, porque \u201ccreo que es justo que los campechanos y los mexicanos tengan la garant\u00eda de que est\u00e1n eligiendo a las mejores opciones y a las opciones que quieren gobernar con transparencia\u201d.<\/p>\n<p>Posteriormente, desayun\u00f3 con periodistas y l\u00edderes de opini\u00f3n, ante quienes se dijo ser respetuoso de la libertad de expresi\u00f3n.<\/p>\n<p><\/p>\n","protected":false},"excerpt":{"rendered":"<p>En la colonia Emiliano Zapata, el priista se comprometi\u00f3 a trabajar por los campechanos.<\/p>\n","protected":false},"author":1018,"featured_media":0,"comment_status":"open","ping_status":"open","sticky":false,"template":"","format":"standard","meta":{"tdm_status":"","tdm_grid_status":"","footnotes":""},"categories":[27],"tags":[],"_links":{"self":[{"href":"https:\/\/dralvarez.com.mx\/larevista\/wp-json\/wp\/v2\/posts\/63863"}],"collection":[{"href":"https:\/\/dralvarez.com.mx\/larevista\/wp-json\/wp\/v2\/posts"}],"about":[{"href":"https:\/\/dralvarez.com.mx\/larevista\/wp-json\/wp\/v2\/types\/post"}],"author":[{"embeddable":true,"href":"https:\/\/dralvarez.com.mx\/larevista\/wp-json\/wp\/v2\/users\/1018"}],"replies":[{"embeddable":true,"href":"https:\/\/dralvarez.com.mx\/larevista\/wp-json\/wp\/v2\/comments?post=63863"}],"version-history":[{"count":0,"href":"https:\/\/dralvarez.com.mx\/larevista\/wp-json\/wp\/v2\/posts\/63863\/revisions"}],"wp:attachment":[{"href":"https:\/\/dralvarez.com.mx\/larevista\/wp-json\/wp\/v2\/media?parent=63863"}],"wp:term":[{"taxonomy":"category","embeddable":true,"href":"https:\/\/dralvarez.com.mx\/larevista\/wp-json\/wp\/v2\/categories?post=63863"},{"taxonomy":"post_tag","embeddable":true,"href":"https:\/\/dralvarez.com.mx\/larevista\/wp-json\/wp\/v2\/tags?post=63863"}],"curies":[{"name":"wp","href":"https:\/\/api.w.org\/{rel}","templated":true}]}}