{"id":63803,"date":"2018-04-03T00:00:00","date_gmt":"2018-04-03T06:00:00","guid":{"rendered":"https:\/\/dralvarez.com.mx\/larevista\/blog\/reafirma-priismo-campechano-su-apoyo-a-meade-kuribrena-23589"},"modified":"2018-04-03T00:00:00","modified_gmt":"2018-04-03T06:00:00","slug":"reafirma-priismo-campechano-su-apoyo-a-meade-kuribrena-23589","status":"publish","type":"post","link":"https:\/\/dralvarez.com.mx\/larevista\/compeche\/reafirma-priismo-campechano-su-apoyo-a-meade-kuribrena-23589","title":{"rendered":"Reafirma priismo campechano su apoyo a Meade Kuribre\u00f1a"},"content":{"rendered":"<p>Cientos de priistas se reunieron ayer en la sede del Comit\u00e9 Directivo Estatal (CDE) del Partido Revolucionario Institucional (PRI) para apoyar el arranque de campa\u00f1a del candidato de la coalici\u00f3n \u201cTodos por M\u00e9xico\u201d a la Presidencia de la Rep\u00fablica, Jos\u00e9 Antonio Meade Kuribre\u00f1a, en M\u00e9rida, Yucat\u00e1n, donde present\u00f3 sus siete compromisos con la naci\u00f3n.<\/p>\n<p>El evento cont\u00f3 con la presencia del distinguido priista Alejandro Moreno C\u00e1rdenas, acompa\u00f1ado por el dirigente estatal del PRI, Ernesto Castillo Rosado, y los presidentes estatales del Verde Ecologista de M\u00e9xico (PVEM) y Nueva Alianza (Panal), integrantes de la alianza, Alvar Ortiz Azar y Mario Trinidad Tun Santoyo. Tambi\u00e9n acudieron los candidatos al Senado de la Rep\u00fablica, Christian Castro Bello y Roc\u00edo Abreu Arti\u00f1ano; y los candidatos a diputados federales, Jorge Chanona Echeverr\u00eda y Dulce Mar\u00eda Cervera Cetina.<\/p>\n<p>En uso de sus derechos pol\u00edticos, el mandatario estatal se\u00f1al\u00f3 que ser\u00e1 el primero en respetar la ley electoral para que los campechanos emitan su voto en paz, con transparencia y confianza. Convoc\u00f3 a los candidatos de la coalici\u00f3n del PRI-PVEM-Panal a que salgan a ganarse la confianza de los ciudadanos.<\/p>\n<p>\u201cCuando las normas electorales les permitan hacer campa\u00f1a pol\u00edtica, vayan al encuentro y escuchen a la gente, porque los ciudadanos quieren m\u00e1s y mejores oportunidades. Nadie nos va a regalar nada y nadie har\u00e1 lo que nos toca hacer. Aqu\u00ed hay mujeres y hombres a quienes les tengo gratitud porque han hecho ganar a miles de candidatos del partido, vayamos en tranquilidad y armon\u00eda a ganar las elecciones\u201d, dijo a los militantes priistas.<\/p>\n<p>Destac\u00f3 que se impulsa una nueva plataforma pol\u00edtica que llevar\u00e1 a la victoria a Jos\u00e9 Antonio Meade Kuribre\u00f1a. \u201cNecesitamos un Presidente de la Rep\u00fablica que respalde a Campeche y que no venga a cancelar los programas al Estado, sino que ayude a resolver los problemas que tenemos\u201d, agreg\u00f3.<\/p>\n<p>Se\u00f1al\u00f3 que cumplir\u00e1 su compromiso de trabajar para fortalecer la calidad de vida de los campechanos y reiter\u00f3 que ser\u00e1 respetuoso y cuidadoso de la norma electoral para que en la entidad se realice un proceso ejemplar, transparente y pac\u00edfico, donde los ciudadanos decidan con libertad y convicci\u00f3n.<\/p>\n<p>Durante su arranque de campa\u00f1a, Meade Kuribre\u00f1a present\u00f3 sus siete compromisos con la Naci\u00f3n, donde la prioridad ser\u00e1n las mujeres, la educaci\u00f3n de excelencia para los ni\u00f1os y la educaci\u00f3n, trabajo o negocio propio para los j\u00f3venes.<\/p>\n<p>El candidato expres\u00f3 que defender\u00e1 los intereses de los mexicanos para hacer de M\u00e9xico una potencia, indicando que su cuarto compromiso es equipar hospitales p\u00fablicos al 100 por ciento para las familias mexicanas; que ning\u00fan beb\u00e9 nazca en pobreza extrema. El combate a la inseguridad tendr\u00e1 un enfoque integral y que cada mexicano tendr\u00e1 un apoyo para alcanzar sus metas.<\/p>\n<p>Por otra parte, el coordinador estatal de la campa\u00f1a de Meade Kuribre\u00f1a, Ram\u00f3n Santini Pech, precis\u00f3 que al candidato aliancista recibi\u00f3 una extraordinaria recepci\u00f3n en la capital yucateca, que augura un estelar inicio de campa\u00f1a donde se est\u00e1 jugando el futuro de M\u00e9xico.<\/p>\n<p>Con Meade Kuribre\u00f1a al frente, se inicia un proceso c\u00edvico electoral y se ir\u00e1 con paso firme al encuentro de la victoria.<\/p>\n<p>\u201cHay candidatos con actitudes demag\u00f3gicas y que con ocurrencias quieren el poder para embarcarnos en aventuras inciertas; tambi\u00e9n est\u00e1n los quieren el poder a toda costa, cort\u00e1ndole los pies a los dem\u00e1s, esos que quieren el poder por el poder\u201d, sentenci\u00f3.<\/p>\n<p>Se\u00f1al\u00f3 que Meade Kuribre\u00f1a aspira a gobernar M\u00e9xico para conducirlo por el rumbo que d\u00e9 certeza y confianza a los mexicanos para construir un mejor camino.<\/p>\n<p><\/p>\n","protected":false},"excerpt":{"rendered":"<p>Candidatos de Todos por M\u00e9xico y militantes de la coalici\u00f3n se dieron cita en la sede estatal del PRI<\/p>\n","protected":false},"author":1018,"featured_media":0,"comment_status":"open","ping_status":"open","sticky":false,"template":"","format":"standard","meta":{"tdm_status":"","tdm_grid_status":"","footnotes":""},"categories":[27],"tags":[],"_links":{"self":[{"href":"https:\/\/dralvarez.com.mx\/larevista\/wp-json\/wp\/v2\/posts\/63803"}],"collection":[{"href":"https:\/\/dralvarez.com.mx\/larevista\/wp-json\/wp\/v2\/posts"}],"about":[{"href":"https:\/\/dralvarez.com.mx\/larevista\/wp-json\/wp\/v2\/types\/post"}],"author":[{"embeddable":true,"href":"https:\/\/dralvarez.com.mx\/larevista\/wp-json\/wp\/v2\/users\/1018"}],"replies":[{"embeddable":true,"href":"https:\/\/dralvarez.com.mx\/larevista\/wp-json\/wp\/v2\/comments?post=63803"}],"version-history":[{"count":0,"href":"https:\/\/dralvarez.com.mx\/larevista\/wp-json\/wp\/v2\/posts\/63803\/revisions"}],"wp:attachment":[{"href":"https:\/\/dralvarez.com.mx\/larevista\/wp-json\/wp\/v2\/media?parent=63803"}],"wp:term":[{"taxonomy":"category","embeddable":true,"href":"https:\/\/dralvarez.com.mx\/larevista\/wp-json\/wp\/v2\/categories?post=63803"},{"taxonomy":"post_tag","embeddable":true,"href":"https:\/\/dralvarez.com.mx\/larevista\/wp-json\/wp\/v2\/tags?post=63803"}],"curies":[{"name":"wp","href":"https:\/\/api.w.org\/{rel}","templated":true}]}}