{"id":63802,"date":"2018-04-03T00:00:00","date_gmt":"2018-04-03T06:00:00","guid":{"rendered":"https:\/\/dralvarez.com.mx\/larevista\/blog\/gobernar-sin-fueros-propone-chanona-si-llega-a-congreso-23588"},"modified":"2018-04-03T00:00:00","modified_gmt":"2018-04-03T06:00:00","slug":"gobernar-sin-fueros-propone-chanona-si-llega-a-congreso-23588","status":"publish","type":"post","link":"https:\/\/dralvarez.com.mx\/larevista\/compeche\/gobernar-sin-fueros-propone-chanona-si-llega-a-congreso-23588","title":{"rendered":"Gobernar sin fueros, propone Chanona si llega a congreso"},"content":{"rendered":"<p>El candidato de la coalici\u00f3n Todos por M\u00e9xico a la diputaci\u00f3n por el primer Distrito Federal, Jorge Chanona Echeverr\u00eda, se sum\u00f3 a la propuesta de Jos\u00e9 Antonio Meade para retirarse el fuero constitucional una vez que llegue a la presidencia de la rep\u00fablica. <\/p>\n<p>En entrevista, luego de un desayuno que sostuvo con periodistas y comunicadores, y al que no fue invitada <em>La Jornada Maya<\/em>, Chanona Echeverr\u00eda dijo: \u201cVoy a aprovechar esta herramienta en la diputaci\u00f3n federal para que en congruencia con Alejandro Moreno, quien empez\u00f3 hace tres a\u00f1os trabajando sin fuero, y con Pepe Meade, quien propone quit\u00e1rselo, como diputado federal respaldar\u00e9 que sea un Gobierno sin fuero\u201d. <\/p>\n<p>Consider\u00f3 que es justo que los campechanos y los mexicanos tengan las garant\u00edas que est\u00e1n eligiendo a las mejores opciones y a las que quieren gobernar con transparencia, enfatiz\u00f3.<br \/>El joven candidato record\u00f3 algunas frases del candidato presidencial Luis Donaldo Colosio Murrieta, en el sentido de escuchar y darle voz al pueblo.<\/p>\n<p>\u201cColosio dijo en el pasado, hay que darle voz al pueblo, hoy el pueblo tiene voz a trav\u00e9s de los medios digitales, por eso el servidor p\u00fablico tiene una herramienta valiosa para escuchar todas las voces\u201d.<\/p>\n<p>Reconoci\u00f3 que la misi\u00f3n de un servidor p\u00fablico es escuchar y cumplir, al tiempo que se refiri\u00f3 a su trayectoria como funcionario en diferentes encomiendas en administraciones municipales, estatales y federales.<\/p>\n<p><\/p>\n","protected":false},"excerpt":{"rendered":"<p>Candidato de la coalici\u00f3n &#8220;Todos por M\u00e9xico&#8221; se suma a la propuesta de Jos\u00e9 Antonio Meade.<\/p>\n","protected":false},"author":1018,"featured_media":0,"comment_status":"open","ping_status":"open","sticky":false,"template":"","format":"standard","meta":{"tdm_status":"","tdm_grid_status":"","footnotes":""},"categories":[27],"tags":[],"_links":{"self":[{"href":"https:\/\/dralvarez.com.mx\/larevista\/wp-json\/wp\/v2\/posts\/63802"}],"collection":[{"href":"https:\/\/dralvarez.com.mx\/larevista\/wp-json\/wp\/v2\/posts"}],"about":[{"href":"https:\/\/dralvarez.com.mx\/larevista\/wp-json\/wp\/v2\/types\/post"}],"author":[{"embeddable":true,"href":"https:\/\/dralvarez.com.mx\/larevista\/wp-json\/wp\/v2\/users\/1018"}],"replies":[{"embeddable":true,"href":"https:\/\/dralvarez.com.mx\/larevista\/wp-json\/wp\/v2\/comments?post=63802"}],"version-history":[{"count":0,"href":"https:\/\/dralvarez.com.mx\/larevista\/wp-json\/wp\/v2\/posts\/63802\/revisions"}],"wp:attachment":[{"href":"https:\/\/dralvarez.com.mx\/larevista\/wp-json\/wp\/v2\/media?parent=63802"}],"wp:term":[{"taxonomy":"category","embeddable":true,"href":"https:\/\/dralvarez.com.mx\/larevista\/wp-json\/wp\/v2\/categories?post=63802"},{"taxonomy":"post_tag","embeddable":true,"href":"https:\/\/dralvarez.com.mx\/larevista\/wp-json\/wp\/v2\/tags?post=63802"}],"curies":[{"name":"wp","href":"https:\/\/api.w.org\/{rel}","templated":true}]}}