{"id":63800,"date":"2018-04-03T00:00:00","date_gmt":"2018-04-03T06:00:00","guid":{"rendered":"https:\/\/dralvarez.com.mx\/larevista\/blog\/claudio-cetina-a-favor-de-la-civilidad-y-no-de-descalificaciones-23585"},"modified":"2018-04-03T00:00:00","modified_gmt":"2018-04-03T06:00:00","slug":"claudio-cetina-a-favor-de-la-civilidad-y-no-de-descalificaciones-23585","status":"publish","type":"post","link":"https:\/\/dralvarez.com.mx\/larevista\/compeche\/claudio-cetina-a-favor-de-la-civilidad-y-no-de-descalificaciones-23585","title":{"rendered":"Claudio Cetina, a favor de la civilidad y no de descalificaciones"},"content":{"rendered":"<p>Haremos una campa\u00f1a alegre, propositiva, con actitud y, sobre todo, con esas pilas que tanto requerimos para cambiar este gran municipio, destac\u00f3 el candidato de la coalici\u00f3n \u201c<strong>Campeche para Todos<\/strong>\u201d a la alcald\u00eda, <strong>Claudio Cetina G\u00f3mez<\/strong>, quien habl\u00f3 sobre el pacto de civilidad que se acord\u00f3 entre el gobernador <strong>Alejandro Moreno C\u00e1rdenas<\/strong>&nbsp;y los dirigentes de partidos pol\u00edticos.<\/p>\n<p>En entrevista, el priista dijo estar de acuerdo con esta reuni\u00f3n que, adem\u00e1s, se realiz\u00f3 en un di\u00e1logo claro y en paz, \u201cy aquellos que no fueron a la reuni\u00f3n, son las personas que no quieren que las propuestas sean positivas en <strong>Campeche<\/strong>\u201d.<\/p>\n<p>\u201cQuiz\u00e1 son l\u00edderes que est\u00e1n buscando otras cosas, nosotros siempre con propuestas y esa actitud positiva iniciaremos nuestra campa\u00f1a, lo que demuestra que existir\u00e1 civilidad y no descalificaciones, pero queda claro qui\u00e9n est\u00e1 comprometido con el trabajo en beneficio de la poblaci\u00f3n y qui\u00e9n no\u201d, dijo.<\/p>\n<p>Y es que tambi\u00e9n se dio a conocer que es probable que el <strong>Instituto Electoral del Esta<\/strong><strong>do de Campeche<\/strong>&nbsp;(<strong>IEEC<\/strong>) &nbsp;llame a los candidatos a firmar un pacto similar, por lo que dijo que si es invitado, con gusto firmar\u00e1.<\/p>\n<p>Consider\u00f3 necesario ver las cosas de manera positiva y emprender campa\u00f1as de propuesta y no de confrontaci\u00f3n, ya que los ciudadanos est\u00e1n cansados de los pleitos entre actores pol\u00edticos.<\/p>\n<p>\u201cLos ciudadanos quieren resultados, hoy les quiero agradecer a todos los ciudadanos con los que me he reunido\u2026 hemos escuchado muchas propuestas y acciones que tomaremos en cuenta y se realizar\u00e1n tambi\u00e9n en este gran proyecto\u201d, se\u00f1al\u00f3.<\/p>\n<p><\/p>\n","protected":false},"excerpt":{"rendered":"<p>Haremos una campa\u00f1a alegre y propositiva.<\/p>\n","protected":false},"author":1018,"featured_media":0,"comment_status":"open","ping_status":"open","sticky":false,"template":"","format":"standard","meta":{"tdm_status":"","tdm_grid_status":"","footnotes":""},"categories":[27],"tags":[],"_links":{"self":[{"href":"https:\/\/dralvarez.com.mx\/larevista\/wp-json\/wp\/v2\/posts\/63800"}],"collection":[{"href":"https:\/\/dralvarez.com.mx\/larevista\/wp-json\/wp\/v2\/posts"}],"about":[{"href":"https:\/\/dralvarez.com.mx\/larevista\/wp-json\/wp\/v2\/types\/post"}],"author":[{"embeddable":true,"href":"https:\/\/dralvarez.com.mx\/larevista\/wp-json\/wp\/v2\/users\/1018"}],"replies":[{"embeddable":true,"href":"https:\/\/dralvarez.com.mx\/larevista\/wp-json\/wp\/v2\/comments?post=63800"}],"version-history":[{"count":0,"href":"https:\/\/dralvarez.com.mx\/larevista\/wp-json\/wp\/v2\/posts\/63800\/revisions"}],"wp:attachment":[{"href":"https:\/\/dralvarez.com.mx\/larevista\/wp-json\/wp\/v2\/media?parent=63800"}],"wp:term":[{"taxonomy":"category","embeddable":true,"href":"https:\/\/dralvarez.com.mx\/larevista\/wp-json\/wp\/v2\/categories?post=63800"},{"taxonomy":"post_tag","embeddable":true,"href":"https:\/\/dralvarez.com.mx\/larevista\/wp-json\/wp\/v2\/tags?post=63800"}],"curies":[{"name":"wp","href":"https:\/\/api.w.org\/{rel}","templated":true}]}}