{"id":63709,"date":"2018-03-28T00:00:00","date_gmt":"2018-03-28T06:00:00","guid":{"rendered":"https:\/\/dralvarez.com.mx\/larevista\/blog\/promueven-uso-responsable-del-internet-en-jovenes-de-secundaria-23489"},"modified":"2018-03-28T00:00:00","modified_gmt":"2018-03-28T06:00:00","slug":"promueven-uso-responsable-del-internet-en-jovenes-de-secundaria-23489","status":"publish","type":"post","link":"https:\/\/dralvarez.com.mx\/larevista\/compeche\/promueven-uso-responsable-del-internet-en-jovenes-de-secundaria-23489","title":{"rendered":"Promueven uso responsable del internet en j\u00f3venes de secundaria"},"content":{"rendered":"<p>Para promover el uso responsable de las tecnolog\u00edas que propicien un ambiente seguro en los centros escolares de Campeche, la Secretar\u00eda de Educaci\u00f3n del Estado (SEDUC), en conjunto con la Polic\u00eda Federal, la Comisi\u00f3n Nacional de Seguridad y la Coordinaci\u00f3n General del programa @prende, imparti\u00f3 el taller \u201cCibernauta con Estrella\u201d, en el que participaron m\u00e1s de dos mil alumnos de Educaci\u00f3n Secundaria.<\/p>\n<p>El director de Inform\u00e1tica de la SEDUC, Alejandro Gallegos Valdez, inform\u00f3 que, a trav\u00e9s de este taller, el alumnado, as\u00ed como el personal docente, recibi\u00f3 orientaci\u00f3n sobre el adecuado uso del internet, los riesgos a los que est\u00e1n expuestos y c\u00f3mo prevenirlos, para forjar entre los alumnos una visi\u00f3n responsable sobre el uso de estas herramientas.<\/p>\n<p>\u201cDesde la SEDUC estamos trabajando para brindar a las ni\u00f1as, ni\u00f1os y j\u00f3venes, una educaci\u00f3n integral, y esto incluye tambi\u00e9n el uso correcto de las tecnolog\u00edas de la informaci\u00f3n y comunicaci\u00f3n; por ello es importante promover elementos torales del manejo del internet para evitar que se expongan a situaciones que vulneren su integridad o la de otros\u201d, refiri\u00f3.<\/p>\n<p>Gallegos Valdez indic\u00f3 que, con este taller desarrollado en el marco de la Campa\u00f1a de \u201cLa Ciberseguridad es materia de todos\u201d y el programa @prende 2.0, se logr\u00f3 impactar a dos mil 180 j\u00f3venes de las escuelas Secundaria T\u00e9cnica n\u00famero 8 \u201cMar\u00eda Lavalle Urbina\u201d y la Escuela Secundaria General n\u00famero 3 del Instituto Campechano.<\/p>\n<p>Asimismo, se\u00f1al\u00f3, que se logr\u00f3 iniciar una serie de actividades en alianza con la oficina regional de la Polic\u00eda Federal, a efecto continuar impartiendo estos cursos en m\u00e1s planteles de la entidad, beneficiando a una mayor cantidad de estudiantes, por lo que al reactivarse el ciclo escolar se mantendr\u00e1n estas acciones en la entidad.<\/p>\n","protected":false},"excerpt":{"rendered":"<p>Se desarrolla el taller \u201cCibernauta con Estrella\u201d.<\/p>\n","protected":false},"author":1018,"featured_media":0,"comment_status":"open","ping_status":"open","sticky":false,"template":"","format":"standard","meta":{"tdm_status":"","tdm_grid_status":"","footnotes":""},"categories":[27],"tags":[],"_links":{"self":[{"href":"https:\/\/dralvarez.com.mx\/larevista\/wp-json\/wp\/v2\/posts\/63709"}],"collection":[{"href":"https:\/\/dralvarez.com.mx\/larevista\/wp-json\/wp\/v2\/posts"}],"about":[{"href":"https:\/\/dralvarez.com.mx\/larevista\/wp-json\/wp\/v2\/types\/post"}],"author":[{"embeddable":true,"href":"https:\/\/dralvarez.com.mx\/larevista\/wp-json\/wp\/v2\/users\/1018"}],"replies":[{"embeddable":true,"href":"https:\/\/dralvarez.com.mx\/larevista\/wp-json\/wp\/v2\/comments?post=63709"}],"version-history":[{"count":0,"href":"https:\/\/dralvarez.com.mx\/larevista\/wp-json\/wp\/v2\/posts\/63709\/revisions"}],"wp:attachment":[{"href":"https:\/\/dralvarez.com.mx\/larevista\/wp-json\/wp\/v2\/media?parent=63709"}],"wp:term":[{"taxonomy":"category","embeddable":true,"href":"https:\/\/dralvarez.com.mx\/larevista\/wp-json\/wp\/v2\/categories?post=63709"},{"taxonomy":"post_tag","embeddable":true,"href":"https:\/\/dralvarez.com.mx\/larevista\/wp-json\/wp\/v2\/tags?post=63709"}],"curies":[{"name":"wp","href":"https:\/\/api.w.org\/{rel}","templated":true}]}}