{"id":63707,"date":"2018-03-28T00:00:00","date_gmt":"2018-03-28T06:00:00","guid":{"rendered":"https:\/\/dralvarez.com.mx\/larevista\/blog\/gobernador-alejandro-moreno-cardenas-se-reune-dirigentes-de-partidos-politicos-23486"},"modified":"2018-03-28T00:00:00","modified_gmt":"2018-03-28T06:00:00","slug":"gobernador-alejandro-moreno-cardenas-se-reune-dirigentes-de-partidos-politicos-23486","status":"publish","type":"post","link":"https:\/\/dralvarez.com.mx\/larevista\/compeche\/gobernador-alejandro-moreno-cardenas-se-reune-dirigentes-de-partidos-politicos-23486","title":{"rendered":"Gobernador Alejandro Moreno C\u00e1rdenas se reune dirigentes de partidos pol\u00edticos"},"content":{"rendered":"<p>El gobernador Alejandro Moreno C\u00e1rdenas y dirigentes de partidos pol\u00edticos acordaron fortalecer el clima de civilidad pol\u00edtica y contribuir a que Campeche viva un proceso electoral tranquilo y democr\u00e1tico. A la reuni\u00f3n, celebrada en la Casa de los Gobernadores, asistieron el secretario General de Gobierno, Carlos Miguel Aysa Gonz\u00e1lez y los presidentes del Panal, Mario Trinidad Tun Santoyo; PT, Ana Mar\u00eda L\u00f3pez Hern\u00e1ndez; PES, Gilberto Romero Lavalle; PLC, Carlos Plata Gonz\u00e1lez; PRI, Ernesto Castillo Rosado; PRD, V\u00edctor Am\u00e9ndola Avil\u00e9s, y PVEM, Alvar Ortiz Azar. Por encontrarse fuera de la ciudad no estuvo presente el dirigente de Movimiento Ciudadano, Pedro Estrada C\u00f3rdova; en tanto, Paulo Hau Dzul, del PAN y Manuel Zavala Salazar de Morena, no acudieron. <\/p>\n","protected":false},"excerpt":{"rendered":"<p>Acordaron fortalecer el clima de civilidad pol\u00edtica y contribuir a que Campeche viva un proceso electoral tranquilo y democr\u00e1tico.<\/p>\n","protected":false},"author":1018,"featured_media":0,"comment_status":"open","ping_status":"open","sticky":false,"template":"","format":"standard","meta":{"tdm_status":"","tdm_grid_status":"","footnotes":""},"categories":[27],"tags":[],"_links":{"self":[{"href":"https:\/\/dralvarez.com.mx\/larevista\/wp-json\/wp\/v2\/posts\/63707"}],"collection":[{"href":"https:\/\/dralvarez.com.mx\/larevista\/wp-json\/wp\/v2\/posts"}],"about":[{"href":"https:\/\/dralvarez.com.mx\/larevista\/wp-json\/wp\/v2\/types\/post"}],"author":[{"embeddable":true,"href":"https:\/\/dralvarez.com.mx\/larevista\/wp-json\/wp\/v2\/users\/1018"}],"replies":[{"embeddable":true,"href":"https:\/\/dralvarez.com.mx\/larevista\/wp-json\/wp\/v2\/comments?post=63707"}],"version-history":[{"count":0,"href":"https:\/\/dralvarez.com.mx\/larevista\/wp-json\/wp\/v2\/posts\/63707\/revisions"}],"wp:attachment":[{"href":"https:\/\/dralvarez.com.mx\/larevista\/wp-json\/wp\/v2\/media?parent=63707"}],"wp:term":[{"taxonomy":"category","embeddable":true,"href":"https:\/\/dralvarez.com.mx\/larevista\/wp-json\/wp\/v2\/categories?post=63707"},{"taxonomy":"post_tag","embeddable":true,"href":"https:\/\/dralvarez.com.mx\/larevista\/wp-json\/wp\/v2\/tags?post=63707"}],"curies":[{"name":"wp","href":"https:\/\/api.w.org\/{rel}","templated":true}]}}