{"id":63691,"date":"2018-03-28T00:00:00","date_gmt":"2018-03-28T06:00:00","guid":{"rendered":"https:\/\/dralvarez.com.mx\/larevista\/blog\/gobernador-amc-premia-con-computablets-a-los-estudiantes-de-excelencia-academica-23470"},"modified":"2018-03-28T00:00:00","modified_gmt":"2018-03-28T06:00:00","slug":"gobernador-amc-premia-con-computablets-a-los-estudiantes-de-excelencia-academica-23470","status":"publish","type":"post","link":"https:\/\/dralvarez.com.mx\/larevista\/compeche\/gobernador-amc-premia-con-computablets-a-los-estudiantes-de-excelencia-academica-23470","title":{"rendered":"Gobernador AMC premia con computablets a los estudiantes de excelencia acad\u00e9mica"},"content":{"rendered":"<p><b>Especial \/ La Revista&nbsp;<\/b><\/p>\n<\/p>\n<p>\u201cLo m\u00e1s valioso que tiene la sociedad<br \/>\nson sus j\u00f3venes con deseo y voluntad de salir adelante\u201d, afirm\u00f3 el gobernador<br \/>\nAlejandro Moreno C\u00e1rdenas al entregar, mediante una inversi\u00f3n de siete millones<br \/>\n453 mil 516 pesos, mil 362 computablets a misma cantidad de alumnos de<br \/>\nexcelencia acad\u00e9mica de 42 planteles de nivel medio superior y superior del sur<br \/>\ndel estado. <\/p>\n<p>Con las tabletas electr\u00f3nicas se<br \/>\nbenefician 998 j\u00f3venes de preparatoria y 364 de licenciatura de los municipios<br \/>\nde Candelaria, Carmen, Champot\u00f3n, Esc\u00e1rcega y Palizada que cursan sus estudios<br \/>\nen planteles pertenecientes a m\u00e1s de 11 instituciones establecidas en esta<br \/>\nregi\u00f3n como la Unacar, Utecam, Utecan, ITSE, Itescham, Conalep, Cobacam,<br \/>\nCecytec, Cetmar, CETIS y campus Esc\u00e1rcega de la UAC.<\/p>\n<p>A nivel estatal, el programa \u201cAprende\u201d<br \/>\nde la Secretar\u00eda de Desarrollo Social y Humano (Seadesyh), ha invertido<br \/>\nrecursos superiores a los 18 millones 500 mil pesos para beneficiar con equipos<br \/>\ndigitales a un total de tres mil 384 j\u00f3venes con los mejores promedios<br \/>\nescolares en 97 escuelas. <\/p>\n<p>En el Casino del Mar, Moreno C\u00e1rdenas<br \/>\npidi\u00f3 a los estudiantes beneficiados de los diversos centros educativos<br \/>\nconducirse bajo la m\u00edstica de que todas las cosas se pueden lograr. \u201cLos<br \/>\nj\u00f3venes son la generaci\u00f3n del cambio que har\u00e1 posible que Campeche se<br \/>\ntransforme, por eso deben demostrar en sus comunidades que todas las metas se<br \/>\npueden alcanzar cuando se tiene voluntad inquebrantable, firmeza y actitud\u201d,<br \/>\nremarc\u00f3. <\/p>\n<p>Moreno C\u00e1rdenas explic\u00f3 que su gobierno<br \/>\nha intensificado los programas de apoyo acad\u00e9mico para que los j\u00f3venes tengan<br \/>\nlas mismas oportunidades de prepararse, dot\u00e1ndoles de herramientas digitales y<br \/>\nrespald\u00e1ndoles con becas y transporte escolar gratuito.<\/p>\n<p>Ante ello, puso como ejemplo que tan<br \/>\ns\u00f3lo este a\u00f1o se van entregar poco m\u00e1s de 20 mil equipos de c\u00f3mputo, y para el pr\u00f3ximo<br \/>\nciclo escolar el 100 por ciento de los bachilleres del estado contar\u00e1n con<br \/>\ndispositivos electr\u00f3nicos.<\/p>\n<p>\u201cEn poco m\u00e1s de dos a\u00f1os de mi gobierno<br \/>\nestaremos entregando m\u00e1s de 20 mil, y eso es en respuesta a las demandas de los<br \/>\nj\u00f3venes que en mi campa\u00f1a me solicitaron apoyo para contar con esas<br \/>\nherramientas indispensables para la educaci\u00f3n\u201d, coment\u00f3.<\/p>\n<p>Subray\u00f3 que su compromiso es seguir<br \/>\napoy\u00e1ndolos para que tengan mayores oportunidades de alcanzar sus metas, y los<br \/>\nconvoc\u00f3 a trabajar en equipo y sentirse muy orgullosos de sus padres, pues son<br \/>\nlos primeros que los apoyan para que tengan la mejor preparaci\u00f3n acad\u00e9mica. <\/p>\n<p>El encargado de despacho de la Sedesyh,<br \/>\nLuis Jorge Medina Minet, mencion\u00f3 que la administraci\u00f3n estatal ha fortalecido<br \/>\nsu pol\u00edtica de inclusi\u00f3n digital y de est\u00edmulo a los j\u00f3venes que se esfuerzan<br \/>\nen su preparaci\u00f3n educativa, pues entiende que el mundo actual es muy competido<br \/>\ny es indispensable que los estudiantes cuenten con modernas herramientas para<br \/>\nhacer frente a los retos educativos.<\/p>\n<p>Mientras, la alumna de la Utecam, Isla<br \/>\nJim\u00e9nez Santos, representante de los beneficiados, sostuvo que el gobernador<br \/>\nMoreno C\u00e1rdenas ha respondido a las necesidades de la juventud campechana,<br \/>\nprincipalmente de quienes han demostrado su compromiso con el estudio.<\/p>\n<p>El mandatario estatal estuvo acompa\u00f1ado<br \/>\nen este evento del secretario General de Gobierno, Carlos Miguel Aysa Gonz\u00e1lez<br \/>\ny del rector de la Unacar, Jos\u00e9 Antonio Ruz Hern\u00e1ndez.<\/p><\/p>\n","protected":false},"excerpt":{"rendered":"<p>Gobierno de Campeche.<\/p>\n","protected":false},"author":1018,"featured_media":0,"comment_status":"open","ping_status":"open","sticky":false,"template":"","format":"standard","meta":{"tdm_status":"","tdm_grid_status":"","footnotes":""},"categories":[27],"tags":[],"_links":{"self":[{"href":"https:\/\/dralvarez.com.mx\/larevista\/wp-json\/wp\/v2\/posts\/63691"}],"collection":[{"href":"https:\/\/dralvarez.com.mx\/larevista\/wp-json\/wp\/v2\/posts"}],"about":[{"href":"https:\/\/dralvarez.com.mx\/larevista\/wp-json\/wp\/v2\/types\/post"}],"author":[{"embeddable":true,"href":"https:\/\/dralvarez.com.mx\/larevista\/wp-json\/wp\/v2\/users\/1018"}],"replies":[{"embeddable":true,"href":"https:\/\/dralvarez.com.mx\/larevista\/wp-json\/wp\/v2\/comments?post=63691"}],"version-history":[{"count":0,"href":"https:\/\/dralvarez.com.mx\/larevista\/wp-json\/wp\/v2\/posts\/63691\/revisions"}],"wp:attachment":[{"href":"https:\/\/dralvarez.com.mx\/larevista\/wp-json\/wp\/v2\/media?parent=63691"}],"wp:term":[{"taxonomy":"category","embeddable":true,"href":"https:\/\/dralvarez.com.mx\/larevista\/wp-json\/wp\/v2\/categories?post=63691"},{"taxonomy":"post_tag","embeddable":true,"href":"https:\/\/dralvarez.com.mx\/larevista\/wp-json\/wp\/v2\/tags?post=63691"}],"curies":[{"name":"wp","href":"https:\/\/api.w.org\/{rel}","templated":true}]}}